{"id":9793,"date":"2017-07-28T22:43:41","date_gmt":"2017-07-28T21:43:41","guid":{"rendered":"http:\/\/goladinha.eu\/blog\/?p=9793"},"modified":"2017-07-28T22:43:41","modified_gmt":"2017-07-28T21:43:41","slug":"immer-ueber-30-grad","status":"publish","type":"post","link":"https:\/\/goladinha.eu\/blog\/2017\/07\/28\/immer-ueber-30-grad\/","title":{"rendered":"Immer \u00fcber 30 Grad"},"content":{"rendered":"<p>Seixta-feira, 28. de Julho 2017 \u2013 nachts \u2191\u219315 Grad, \u2013 tags \u2193<strong>34 <\/strong>Grad, <span style=\"color: #ff6600\"><strong>Sonne<\/strong> <\/span><\/p>\n<p>Bei den Temperaturen der vergangenen Wochen sehnen wir uns nach dem k\u00fchlen Nass unseres Fl\u00fcsschens. Seitdem ein Regenschauer vor drei Wochen die Asche des Brandes von den H\u00e4ngen in den Fluss gesp\u00fchlt hat, macht es keinen Spass mehr baden zu gehen &#8211; schwarzer Schlamm der aufgewirbelt wird wenn man ins Wasser geht.<\/p>\n<div id=\"attachment_9794\" style=\"width: 510px\" class=\"wp-caption alignleft\"><img loading=\"lazy\" decoding=\"async\" aria-describedby=\"caption-attachment-9794\" class=\"size-full wp-image-9794\" src=\"https:\/\/goladinha.eu\/blog\/files\/2017\/07\/badeplatz_schlammig_280717.jpg\" alt=\"Badeplatz, Asche, schlammig, B\u00e4ume \u00fcber dem Fluss, Goladinha\" width=\"500\" height=\"375\" srcset=\"https:\/\/goladinha.eu\/blog\/wp-content\/files\/2017\/07\/badeplatz_schlammig_280717.jpg 500w, https:\/\/goladinha.eu\/blog\/wp-content\/files\/2017\/07\/badeplatz_schlammig_280717-400x300.jpg 400w\" sizes=\"auto, (max-width: 500px) 100vw, 500px\" \/><p id=\"caption-attachment-9794\" class=\"wp-caption-text\">Das sonst ausgesprochen klare Wasser ist auch deshalb getr\u00fcbt, weil umgefallene B\u00e4ume die Str\u00f6mung verlangsamen.<\/p><\/div>\n<p>&nbsp;<\/p>\n","protected":false},"excerpt":{"rendered":"<p>Seixta-feira, 28. de Julho 2017 \u2013 nachts \u2191\u219315 Grad, \u2013 tags \u219334 Grad, Sonne Bei den Temperaturen der vergangenen Wochen sehnen wir uns nach dem k\u00fchlen Nass unseres Fl\u00fcsschens. Seitdem ein Regenschauer vor drei Wochen die Asche des Brandes von den H\u00e4ngen in den Fluss gesp\u00fchlt hat, macht es keinen Spass mehr baden zu gehen [&hellip;]<\/p>\n","protected":false},"author":337,"featured_media":0,"comment_status":"open","ping_status":"open","sticky":false,"template":"","format":"standard","meta":{"footnotes":""},"categories":[10],"tags":[],"class_list":["post-9793","post","type-post","status-publish","format-standard","hentry","category-allgemein"],"_links":{"self":[{"href":"https:\/\/goladinha.eu\/blog\/wp-json\/wp\/v2\/posts\/9793","targetHints":{"allow":["GET"]}}],"collection":[{"href":"https:\/\/goladinha.eu\/blog\/wp-json\/wp\/v2\/posts"}],"about":[{"href":"https:\/\/goladinha.eu\/blog\/wp-json\/wp\/v2\/types\/post"}],"author":[{"embeddable":true,"href":"https:\/\/goladinha.eu\/blog\/wp-json\/wp\/v2\/users\/337"}],"replies":[{"embeddable":true,"href":"https:\/\/goladinha.eu\/blog\/wp-json\/wp\/v2\/comments?post=9793"}],"version-history":[{"count":1,"href":"https:\/\/goladinha.eu\/blog\/wp-json\/wp\/v2\/posts\/9793\/revisions"}],"predecessor-version":[{"id":9795,"href":"https:\/\/goladinha.eu\/blog\/wp-json\/wp\/v2\/posts\/9793\/revisions\/9795"}],"wp:attachment":[{"href":"https:\/\/goladinha.eu\/blog\/wp-json\/wp\/v2\/media?parent=9793"}],"wp:term":[{"taxonomy":"category","embeddable":true,"href":"https:\/\/goladinha.eu\/blog\/wp-json\/wp\/v2\/categories?post=9793"},{"taxonomy":"post_tag","embeddable":true,"href":"https:\/\/goladinha.eu\/blog\/wp-json\/wp\/v2\/tags?post=9793"}],"curies":[{"name":"wp","href":"https:\/\/api.w.org\/{rel}","templated":true}]}}