{"id":9782,"date":"2017-07-26T20:33:44","date_gmt":"2017-07-26T19:33:44","guid":{"rendered":"http:\/\/goladinha.eu\/blog\/?p=9782"},"modified":"2017-07-28T20:52:47","modified_gmt":"2017-07-28T19:52:47","slug":"identificacao","status":"publish","type":"post","link":"https:\/\/goladinha.eu\/blog\/2017\/07\/26\/identificacao\/","title":{"rendered":"Identifica\u00e7\u00e3o"},"content":{"rendered":"<p>Quarta-feira, 26. de Julho 2017 \u2013 nachts \u219115 Grad, \u2013 tags \u2191\u2193<strong>33 <\/strong>Grad, <span style=\"color: #ff6600\"><strong>Sonne<\/strong> <\/span><\/p>\n<p>M\u00f6chte man in Deutschland ein Fahrzeug ohne entsprechende Dokumente abmelden ist das sicher nicht einfach. Mit einigen eidesstattlichen Erkl\u00e4rungen und entsprechenden Geb\u00fchren sollte das mit einem Beh\u00f6rdengang aber erledigt sein.<br \/>\nNicht so in Portugal. Die Versicherung f\u00fcr unsere beiden Motorr\u00e4der konnten wir abmelden. Den Nachweis, dass wir die Eigent\u00fcmer der Fahrzeuge sind, bekamen wir in einer Dienststelle beim Gericht in Figueiro dos Vinhos. Die Abmeldung bzw. L\u00f6schung der Registrierung kann nur \u00fcber eine Identifizierung anhand der Fahrgestellnummer erfolgen. In Avelar, bei einem Autoverwerter, werden nun alle Fahrzeuge, die beim Brand am 17.07. zerst\u00f6rt wurden, gesammelt.<br \/>\nDie Polizei hat nun die Aufgabe die Identifizierung vorzunehmen.<br \/>\nBei unseren Motorr\u00e4dern konnte ich keine Ident-Nummer mehr ausfindig machen &#8211; zu gross war wohl die Hitzeeinwirkung.<br \/>\nEs bleibt spannend wie das weiter geht.<\/p>\n<div id=\"attachment_9783\" style=\"width: 510px\" class=\"wp-caption alignleft\"><img loading=\"lazy\" decoding=\"async\" aria-describedby=\"caption-attachment-9783\" class=\"size-full wp-image-9783\" src=\"https:\/\/goladinha.eu\/blog\/files\/2017\/07\/motorraeder_entsorgen_26071.jpg\" alt=\"Motorr\u00e4der nach Brand entsorgt, Goladinha\" width=\"500\" height=\"366\" srcset=\"https:\/\/goladinha.eu\/blog\/wp-content\/files\/2017\/07\/motorraeder_entsorgen_26071.jpg 500w, https:\/\/goladinha.eu\/blog\/wp-content\/files\/2017\/07\/motorraeder_entsorgen_26071-400x293.jpg 400w\" sizes=\"auto, (max-width: 500px) 100vw, 500px\" \/><p id=\"caption-attachment-9783\" class=\"wp-caption-text\">Unsere beiden Motorr\u00e4der, bzw. das was von ihnen \u00fcbrig geblieben ist, werden entsorgt.<\/p><\/div>\n","protected":false},"excerpt":{"rendered":"<p>Quarta-feira, 26. de Julho 2017 \u2013 nachts \u219115 Grad, \u2013 tags \u2191\u219333 Grad, Sonne M\u00f6chte man in Deutschland ein Fahrzeug ohne entsprechende Dokumente abmelden ist das sicher nicht einfach. Mit einigen eidesstattlichen Erkl\u00e4rungen und entsprechenden Geb\u00fchren sollte das mit einem Beh\u00f6rdengang aber erledigt sein. Nicht so in Portugal. Die Versicherung f\u00fcr unsere beiden Motorr\u00e4der konnten [&hellip;]<\/p>\n","protected":false},"author":337,"featured_media":0,"comment_status":"open","ping_status":"open","sticky":false,"template":"","format":"standard","meta":{"footnotes":""},"categories":[10],"tags":[],"class_list":["post-9782","post","type-post","status-publish","format-standard","hentry","category-allgemein"],"_links":{"self":[{"href":"https:\/\/goladinha.eu\/blog\/wp-json\/wp\/v2\/posts\/9782","targetHints":{"allow":["GET"]}}],"collection":[{"href":"https:\/\/goladinha.eu\/blog\/wp-json\/wp\/v2\/posts"}],"about":[{"href":"https:\/\/goladinha.eu\/blog\/wp-json\/wp\/v2\/types\/post"}],"author":[{"embeddable":true,"href":"https:\/\/goladinha.eu\/blog\/wp-json\/wp\/v2\/users\/337"}],"replies":[{"embeddable":true,"href":"https:\/\/goladinha.eu\/blog\/wp-json\/wp\/v2\/comments?post=9782"}],"version-history":[{"count":4,"href":"https:\/\/goladinha.eu\/blog\/wp-json\/wp\/v2\/posts\/9782\/revisions"}],"predecessor-version":[{"id":9792,"href":"https:\/\/goladinha.eu\/blog\/wp-json\/wp\/v2\/posts\/9782\/revisions\/9792"}],"wp:attachment":[{"href":"https:\/\/goladinha.eu\/blog\/wp-json\/wp\/v2\/media?parent=9782"}],"wp:term":[{"taxonomy":"category","embeddable":true,"href":"https:\/\/goladinha.eu\/blog\/wp-json\/wp\/v2\/categories?post=9782"},{"taxonomy":"post_tag","embeddable":true,"href":"https:\/\/goladinha.eu\/blog\/wp-json\/wp\/v2\/tags?post=9782"}],"curies":[{"name":"wp","href":"https:\/\/api.w.org\/{rel}","templated":true}]}}