{"id":9747,"date":"2017-07-21T15:35:26","date_gmt":"2017-07-21T14:35:26","guid":{"rendered":"http:\/\/goladinha.eu\/blog\/?p=9747"},"modified":"2017-07-21T21:07:10","modified_gmt":"2017-07-21T20:07:10","slug":"zahlen-muessen-alle","status":"publish","type":"post","link":"https:\/\/goladinha.eu\/blog\/2017\/07\/21\/zahlen-muessen-alle\/","title":{"rendered":"Zahlen m\u00fcssen alle"},"content":{"rendered":"<p>Seixta-feira, 21. de Julho 2017 \u2013 nachts \u219114 Grad, \u2013 tags \u219126 Grad, <span style=\"color: #ff6600\"><strong>Sonne<\/strong><\/span> &#8211; etwas Wind<\/p>\n<p>Hier, wie gestern angek\u00fcndigt, die Zusammenfassung des Vortrags von Senhor Pedro, gehalten im CASA de CULTURA in Pedrogao Grande am 20.07.2017<\/p>\n<p>Professor Pedro Bingre do Amaral leitete seinen Vortrag mit der Darstellung ein, wie sich klimatisch bedingt weltweit Zonen entwickelten die von feuerhemmenden oder feuerf\u00f6rdernden Pflanzen bzw. B\u00e4umen besiedelt wurden. Interessant war auch der Hinweis, dass es in Coimbra, Zentral-Portugal, durchschnittlich mehr regnet als in manchen St\u00e4dten in England. Allerdings regnet es in Zentralportugal im Sommer kaum.<br \/>\nIn fr\u00fcheren Jahrhunderten war Portugal von Laubw\u00e4ldern bedeckt. Durch den Schiffsbau kam es zur systematischen Abholzung. Die H\u00e4nge im Mittelgebirge Zentralportugals wurden als Weidefl\u00e4chen genutzt. Buschwerk, z.B. Erika, waren vorherrschend. Das war bis vor einigen Jahrzehnten noch der Fall. Dann kamen die <!--more-->Eukalyptusb\u00e4ume !!! Und so wie die Pinien sind auch sie, im Falle eines Brandes, wahre Brandbomben. <a href=\"http:\/\/www.faz.net\/aktuell\/gesellschaft\/waldbraende-in-portugal-warum-die-eu-das-gefoerdert-hat-verstehe-ich-nicht-15069164.html\" target=\"_blank\" rel=\"noopener\"><em>siehe auch Artikel der Frankfurter Allgemeinen vom 21.06.2017<\/em><\/a><br \/>\nDer Eukalyptus kam vor allem wegen seiner Rentabili\u00e4t. Bereits 8 Jahre nach der Pflanzung, kann bereits die erste &#8222;Ernte eingefahren&#8220; werden. Holz, um Europa mit Papier zu versorgen.<br \/>\nEin Problem, auf Alternativen (z.B. auf Laubb\u00e4ume) zu setzen ist das portugiesische Erbrecht. L\u00e4ndereien werden immer durch die Anzahl der Kinder weiter vererbt. Mittlerweile ist die durchschnittliche Waldfl\u00e4che die ein\/e Einzelne\/r besitzt nur mehr 0,5 ha gross. Um diese Fl\u00e4chen rentabel zu bewirtschaften, bleibt nur die Pflanzung von Eukalyptus. Ein weiteres Ph\u00e4nomen ist die Unkenntnis der Beh\u00f6rden, wem welches Land geh\u00f6rt &#8211; von 40 % der Waldfl\u00e4chen kenne man nicht die Eigent\u00fcmer.<br \/>\nNur 2% des Waldes ist in Staatsbesitz &#8211; in Deutschland sind es \u00fcber 30%.<br \/>\nW\u00fcrde der portugiesische Staat in irgendeiner Form die Forstwirtschaft zur allgemeinen Aufgabe erkl\u00e4ren, k\u00f6nnten wieder Laubw\u00e4lder entstehen, die zwar nicht den sofortigen Profit versprechen, aber langfristig Land und Leute vor Feuersbr\u00fcnsten bewahren w\u00fcrden. Denn eines ist klar: &#8222;Mit der Eukalyptus-Monokultur verdienen einige wenige schnelles Geld, die Sch\u00e4den die sich daraus ergeben tr\u00e4gt aber die Allgemeinheit&#8220;<\/p>\n<div id=\"attachment_9755\" style=\"width: 510px\" class=\"wp-caption alignleft\"><img loading=\"lazy\" decoding=\"async\" aria-describedby=\"caption-attachment-9755\" class=\"size-full wp-image-9755\" src=\"https:\/\/goladinha.eu\/blog\/files\/2017\/07\/eukawald_maleica_210717.jpg\" alt=\"Eukawald, Maleica, spazieren gehen, Goladinha\" width=\"500\" height=\"375\" srcset=\"https:\/\/goladinha.eu\/blog\/wp-content\/files\/2017\/07\/eukawald_maleica_210717.jpg 500w, https:\/\/goladinha.eu\/blog\/wp-content\/files\/2017\/07\/eukawald_maleica_210717-400x300.jpg 400w\" sizes=\"auto, (max-width: 500px) 100vw, 500px\" \/><p id=\"caption-attachment-9755\" class=\"wp-caption-text\">Maleica<\/p><\/div>\n","protected":false},"excerpt":{"rendered":"<p>Seixta-feira, 21. de Julho 2017 \u2013 nachts \u219114 Grad, \u2013 tags \u219126 Grad, Sonne &#8211; etwas Wind Hier, wie gestern angek\u00fcndigt, die Zusammenfassung des Vortrags von Senhor Pedro, gehalten im CASA de CULTURA in Pedrogao Grande am 20.07.2017 Professor Pedro Bingre do Amaral leitete seinen Vortrag mit der Darstellung ein, wie sich klimatisch bedingt weltweit [&hellip;]<\/p>\n","protected":false},"author":337,"featured_media":0,"comment_status":"open","ping_status":"open","sticky":false,"template":"","format":"standard","meta":{"footnotes":""},"categories":[10],"tags":[],"class_list":["post-9747","post","type-post","status-publish","format-standard","hentry","category-allgemein"],"_links":{"self":[{"href":"https:\/\/goladinha.eu\/blog\/wp-json\/wp\/v2\/posts\/9747","targetHints":{"allow":["GET"]}}],"collection":[{"href":"https:\/\/goladinha.eu\/blog\/wp-json\/wp\/v2\/posts"}],"about":[{"href":"https:\/\/goladinha.eu\/blog\/wp-json\/wp\/v2\/types\/post"}],"author":[{"embeddable":true,"href":"https:\/\/goladinha.eu\/blog\/wp-json\/wp\/v2\/users\/337"}],"replies":[{"embeddable":true,"href":"https:\/\/goladinha.eu\/blog\/wp-json\/wp\/v2\/comments?post=9747"}],"version-history":[{"count":8,"href":"https:\/\/goladinha.eu\/blog\/wp-json\/wp\/v2\/posts\/9747\/revisions"}],"predecessor-version":[{"id":9756,"href":"https:\/\/goladinha.eu\/blog\/wp-json\/wp\/v2\/posts\/9747\/revisions\/9756"}],"wp:attachment":[{"href":"https:\/\/goladinha.eu\/blog\/wp-json\/wp\/v2\/media?parent=9747"}],"wp:term":[{"taxonomy":"category","embeddable":true,"href":"https:\/\/goladinha.eu\/blog\/wp-json\/wp\/v2\/categories?post=9747"},{"taxonomy":"post_tag","embeddable":true,"href":"https:\/\/goladinha.eu\/blog\/wp-json\/wp\/v2\/tags?post=9747"}],"curies":[{"name":"wp","href":"https:\/\/api.w.org\/{rel}","templated":true}]}}