{"id":9728,"date":"2017-07-18T21:55:34","date_gmt":"2017-07-18T20:55:34","guid":{"rendered":"http:\/\/goladinha.eu\/blog\/?p=9728"},"modified":"2022-08-05T18:20:24","modified_gmt":"2022-08-05T17:20:24","slug":"herbst-im-tal-nebel-in-der-serra","status":"publish","type":"post","link":"https:\/\/goladinha.eu\/blog\/2017\/07\/18\/herbst-im-tal-nebel-in-der-serra\/","title":{"rendered":"&#8222;Herbst&#8220; im Tal &#8211; Nebel in der Serra"},"content":{"rendered":"<p>Terca-feira, 18. de Julho 2017 \u2013 nachts \u2193\u219114 Grad, \u2013 tags \u2193\u219327 Grad, <span style=\"color: #ff6600;\"><strong>Sonne<\/strong><\/span><\/p>\n<p>So mancher Laubbaum, der vom Feuer vor 4 Wochen gesch\u00e4digt wurde, verf\u00e4rbt sein Bl\u00e4tterkleid in Rott\u00f6ne. Man k\u00f6nnte denken es ist Herbst &#8211; w\u00e4re da nicht der Wein, der frische, saftige und gr\u00fcne Bl\u00e4tter hat spriessen lassen.<\/p>\n<div id=\"attachment_9730\" style=\"width: 510px\" class=\"wp-caption alignleft\"><a href=\"https:\/\/goladinha.eu\/blog\/wp-content\/files\/2017\/07\/Herbst_quasi_180717.jpg\" target=\"_blank\" rel=\"noopener\"><img loading=\"lazy\" decoding=\"async\" aria-describedby=\"caption-attachment-9730\" class=\"wp-image-9730 size-full\" src=\"https:\/\/goladinha.eu\/blog\/wp-content\/files\/2017\/07\/Herbst_quasi_180717.jpg\" alt=\"Juli 2017, Herbst im Tal, Goladinha\" width=\"500\" height=\"360\" srcset=\"https:\/\/goladinha.eu\/blog\/wp-content\/files\/2017\/07\/Herbst_quasi_180717.jpg 500w, https:\/\/goladinha.eu\/blog\/wp-content\/files\/2017\/07\/Herbst_quasi_180717-400x288.jpg 400w\" sizes=\"auto, (max-width: 500px) 100vw, 500px\" \/><\/a><p id=\"caption-attachment-9730\" class=\"wp-caption-text\">Mitten im Sommer zeigt sich unser Tal in einem Herbstkleid<\/p><\/div>\n<div id=\"attachment_9729\" style=\"width: 510px\" class=\"wp-caption alignleft\"><img loading=\"lazy\" decoding=\"async\" aria-describedby=\"caption-attachment-9729\" class=\"size-full wp-image-9729\" src=\"https:\/\/goladinha.eu\/blog\/files\/2017\/07\/nebel_serra_180717.jpg\" alt=\"Nebel in der Serra, Sonnenntergangszeit, Goladinha\" width=\"500\" height=\"375\" srcset=\"https:\/\/goladinha.eu\/blog\/wp-content\/files\/2017\/07\/nebel_serra_180717.jpg 500w, https:\/\/goladinha.eu\/blog\/wp-content\/files\/2017\/07\/nebel_serra_180717-400x300.jpg 400w\" sizes=\"auto, (max-width: 500px) 100vw, 500px\" \/><p id=\"caption-attachment-9729\" class=\"wp-caption-text\">Zur gleichen Zeit und am selben Ort, so wie gestern, sind wir auch heute auf der Serra mit <em>Maleica<\/em> spazieren gegangen &#8211; statt eines Sonnenuntergangs bot sich uns ein nebeliges Schauspiel.<\/p><\/div>\n","protected":false},"excerpt":{"rendered":"<p>Terca-feira, 18. de Julho 2017 \u2013 nachts \u2193\u219114 Grad, \u2013 tags \u2193\u219327 Grad, Sonne So mancher Laubbaum, der vom Feuer vor 4 Wochen gesch\u00e4digt wurde, verf\u00e4rbt sein Bl\u00e4tterkleid in Rott\u00f6ne. Man k\u00f6nnte denken es ist Herbst &#8211; w\u00e4re da nicht der Wein, der frische, saftige und gr\u00fcne Bl\u00e4tter hat spriessen lassen.<\/p>\n","protected":false},"author":2,"featured_media":0,"comment_status":"open","ping_status":"open","sticky":false,"template":"","format":"standard","meta":{"footnotes":""},"categories":[10],"tags":[],"class_list":["post-9728","post","type-post","status-publish","format-standard","hentry","category-allgemein"],"_links":{"self":[{"href":"https:\/\/goladinha.eu\/blog\/wp-json\/wp\/v2\/posts\/9728","targetHints":{"allow":["GET"]}}],"collection":[{"href":"https:\/\/goladinha.eu\/blog\/wp-json\/wp\/v2\/posts"}],"about":[{"href":"https:\/\/goladinha.eu\/blog\/wp-json\/wp\/v2\/types\/post"}],"author":[{"embeddable":true,"href":"https:\/\/goladinha.eu\/blog\/wp-json\/wp\/v2\/users\/2"}],"replies":[{"embeddable":true,"href":"https:\/\/goladinha.eu\/blog\/wp-json\/wp\/v2\/comments?post=9728"}],"version-history":[{"count":4,"href":"https:\/\/goladinha.eu\/blog\/wp-json\/wp\/v2\/posts\/9728\/revisions"}],"predecessor-version":[{"id":22632,"href":"https:\/\/goladinha.eu\/blog\/wp-json\/wp\/v2\/posts\/9728\/revisions\/22632"}],"wp:attachment":[{"href":"https:\/\/goladinha.eu\/blog\/wp-json\/wp\/v2\/media?parent=9728"}],"wp:term":[{"taxonomy":"category","embeddable":true,"href":"https:\/\/goladinha.eu\/blog\/wp-json\/wp\/v2\/categories?post=9728"},{"taxonomy":"post_tag","embeddable":true,"href":"https:\/\/goladinha.eu\/blog\/wp-json\/wp\/v2\/tags?post=9728"}],"curies":[{"name":"wp","href":"https:\/\/api.w.org\/{rel}","templated":true}]}}