{"id":933,"date":"2013-03-23T20:36:46","date_gmt":"2013-03-23T20:36:46","guid":{"rendered":"http:\/\/goladinha.eu\/blog\/?p=933"},"modified":"2013-03-23T20:52:52","modified_gmt":"2013-03-23T20:52:52","slug":"mandarinen-clementinen-und-orangen","status":"publish","type":"post","link":"https:\/\/goladinha.eu\/blog\/2013\/03\/23\/mandarinen-clementinen-und-orangen\/","title":{"rendered":"Mandarinen, Clementinen und Orangen"},"content":{"rendered":"<p><strong>Samstag 23<\/strong>. M\u00e4rz 2013 nachts 7\u00b0C, 6 mm Regen\/m\u00b2\u00a0 &#8211;\u00a0\u00a0 tags 13\u00b0C\u00a0 Sonne und Bew\u00f6lkung, 1 mm Regen\/m\u00b2<\/p>\n<p>Heute war Pflanztag. Senhor Jo\u00e3o war so freundlich und ist mit mir nach Figueiro dos Vinhos auf den Markt gefahren und hat sachkundig passende Zitrusfr\u00fcchteb\u00e4umchen ausgew\u00e4hlt &#8211; und gepflanzt hat er sie auch gleich.<br \/>\nAn strengen Wintertagen m\u00fcssen wir die sonnenverw\u00f6hnten Pflanzen allerdings vor Frost sch\u00fctzen, sonst besteht die Gefahr von Frostsch\u00e4den.<\/p>\n<div id=\"attachment_934\" style=\"width: 485px\" class=\"wp-caption alignnone\"><a href=\"https:\/\/goladinha.eu\/blog\/files\/2013\/03\/zitrusfruechte_pflanzen_23032013.jpg\"><img loading=\"lazy\" decoding=\"async\" aria-describedby=\"caption-attachment-934\" class=\"size-full wp-image-934\" alt=\"Senhor Jo\u00e3o\" src=\"https:\/\/goladinha.eu\/blog\/files\/2013\/03\/zitrusfruechte_pflanzen_23032013.jpg\" width=\"475\" height=\"330\" srcset=\"https:\/\/goladinha.eu\/blog\/wp-content\/files\/2013\/03\/zitrusfruechte_pflanzen_23032013.jpg 475w, https:\/\/goladinha.eu\/blog\/wp-content\/files\/2013\/03\/zitrusfruechte_pflanzen_23032013-400x277.jpg 400w\" sizes=\"auto, (max-width: 475px) 100vw, 475px\" \/><\/a><p id=\"caption-attachment-934\" class=\"wp-caption-text\">Senhor Jo\u00e3o, der Mann mit dem roten K\u00e4ppi &#8211; siehe Suchbild vom 23.02.2013<\/p><\/div>\n","protected":false},"excerpt":{"rendered":"<p>Samstag 23. M\u00e4rz 2013 nachts 7\u00b0C, 6 mm Regen\/m\u00b2\u00a0 &#8211;\u00a0\u00a0 tags 13\u00b0C\u00a0 Sonne und Bew\u00f6lkung, 1 mm Regen\/m\u00b2 Heute war Pflanztag. Senhor Jo\u00e3o war so freundlich und ist mit mir nach Figueiro dos Vinhos auf den Markt gefahren und hat sachkundig passende Zitrusfr\u00fcchteb\u00e4umchen ausgew\u00e4hlt &#8211; und gepflanzt hat er sie auch gleich. An strengen Wintertagen [&hellip;]<\/p>\n","protected":false},"author":337,"featured_media":0,"comment_status":"open","ping_status":"open","sticky":false,"template":"","format":"standard","meta":{"footnotes":""},"categories":[10],"tags":[],"class_list":["post-933","post","type-post","status-publish","format-standard","hentry","category-allgemein"],"_links":{"self":[{"href":"https:\/\/goladinha.eu\/blog\/wp-json\/wp\/v2\/posts\/933","targetHints":{"allow":["GET"]}}],"collection":[{"href":"https:\/\/goladinha.eu\/blog\/wp-json\/wp\/v2\/posts"}],"about":[{"href":"https:\/\/goladinha.eu\/blog\/wp-json\/wp\/v2\/types\/post"}],"author":[{"embeddable":true,"href":"https:\/\/goladinha.eu\/blog\/wp-json\/wp\/v2\/users\/337"}],"replies":[{"embeddable":true,"href":"https:\/\/goladinha.eu\/blog\/wp-json\/wp\/v2\/comments?post=933"}],"version-history":[{"count":2,"href":"https:\/\/goladinha.eu\/blog\/wp-json\/wp\/v2\/posts\/933\/revisions"}],"predecessor-version":[{"id":936,"href":"https:\/\/goladinha.eu\/blog\/wp-json\/wp\/v2\/posts\/933\/revisions\/936"}],"wp:attachment":[{"href":"https:\/\/goladinha.eu\/blog\/wp-json\/wp\/v2\/media?parent=933"}],"wp:term":[{"taxonomy":"category","embeddable":true,"href":"https:\/\/goladinha.eu\/blog\/wp-json\/wp\/v2\/categories?post=933"},{"taxonomy":"post_tag","embeddable":true,"href":"https:\/\/goladinha.eu\/blog\/wp-json\/wp\/v2\/tags?post=933"}],"curies":[{"name":"wp","href":"https:\/\/api.w.org\/{rel}","templated":true}]}}