{"id":739,"date":"2013-02-28T21:13:21","date_gmt":"2013-02-28T21:13:21","guid":{"rendered":"http:\/\/goladinha.eu\/blog\/?p=739"},"modified":"2013-02-28T21:33:48","modified_gmt":"2013-02-28T21:33:48","slug":"casa-ar","status":"publish","type":"post","link":"https:\/\/goladinha.eu\/blog\/2013\/02\/28\/casa-ar\/","title":{"rendered":"Casa Ar"},"content":{"rendered":"<p>Donnerstag 28. Februar 2013 nachts 1\u00b0C &#8211; 1 Liter\/qm Regen \u2013 tags 13\u00b0C\u00a0 Sonne und Bew\u00f6lkung wechseln sich ab<\/p>\n<p>In dem Wissen, dass wir bei unseren Stammbesuchern f\u00fcr viel Verwirrung sorgen werden, konnten wir das luftigste aller H\u00e4user nicht mehr l\u00e4nger CASA TERRA nennen. Es ist seit heute offiziell CASA AR. Der jetzt im Rohbau befindliche Gastraum wird der Erde &#8211; TERRA zugeordnet<\/p>\n<dl class=\"wp-caption alignnone\" id=\"attachment_744\" style=\"width: 210px\">\n<dd class=\"wp-caption-dd\"><a href=\"https:\/\/goladinha.eu\/blog\/files\/2013\/02\/casa_ar_glast\u00fcr_28022013.jpg\">Die Holzf\u00fcllungen der Eingangst\u00fcr haben wir durch Isolierglasscheiben ersetzt <img loading=\"lazy\" decoding=\"async\" class=\"size-full wp-image-744 alignright\" alt=\"Die Holzf\u00fcllungen haben wir durch Isolierglasscheiben ersetzt\" src=\"https:\/\/goladinha.eu\/blog\/files\/2013\/02\/casa_ar_glast\u00fcr_28022013.jpg\" width=\"200\" height=\"319\" srcset=\"https:\/\/goladinha.eu\/blog\/wp-content\/files\/2013\/02\/casa_ar_glast\u00fcr_28022013.jpg 200w, https:\/\/goladinha.eu\/blog\/wp-content\/files\/2013\/02\/casa_ar_glast\u00fcr_28022013-188x300.jpg 188w\" sizes=\"auto, (max-width: 200px) 100vw, 200px\" \/>\u00a0 <\/a><\/dd>\n<\/dl>\n<div id=\"attachment_740\" style=\"width: 485px\" class=\"wp-caption alignnone\"><a href=\"https:\/\/goladinha.eu\/blog\/files\/2013\/02\/casa_ar_moebliert_28022013.jpg\"><img loading=\"lazy\" decoding=\"async\" aria-describedby=\"caption-attachment-740\" class=\"size-full wp-image-740\" alt=\"Christiane ist sehr gl\u00fccklich in ihrem Studierzimmer\" src=\"https:\/\/goladinha.eu\/blog\/files\/2013\/02\/casa_ar_moebliert_28022013.jpg\" width=\"475\" height=\"317\" srcset=\"https:\/\/goladinha.eu\/blog\/wp-content\/files\/2013\/02\/casa_ar_moebliert_28022013.jpg 475w, https:\/\/goladinha.eu\/blog\/wp-content\/files\/2013\/02\/casa_ar_moebliert_28022013-400x266.jpg 400w\" sizes=\"auto, (max-width: 475px) 100vw, 475px\" \/><\/a><p id=\"caption-attachment-740\" class=\"wp-caption-text\">Nun kommt aus allen vier Himmelsrichtungen Licht und Luft<\/p><\/div>\n","protected":false},"excerpt":{"rendered":"<p>Donnerstag 28. Februar 2013 nachts 1\u00b0C &#8211; 1 Liter\/qm Regen \u2013 tags 13\u00b0C\u00a0 Sonne und Bew\u00f6lkung wechseln sich ab In dem Wissen, dass wir bei unseren Stammbesuchern f\u00fcr viel Verwirrung sorgen werden, konnten wir das luftigste aller H\u00e4user nicht mehr l\u00e4nger CASA TERRA nennen. Es ist seit heute offiziell CASA AR. Der jetzt im Rohbau [&hellip;]<\/p>\n","protected":false},"author":337,"featured_media":0,"comment_status":"open","ping_status":"open","sticky":false,"template":"","format":"standard","meta":{"footnotes":""},"categories":[10],"tags":[],"class_list":["post-739","post","type-post","status-publish","format-standard","hentry","category-allgemein"],"_links":{"self":[{"href":"https:\/\/goladinha.eu\/blog\/wp-json\/wp\/v2\/posts\/739","targetHints":{"allow":["GET"]}}],"collection":[{"href":"https:\/\/goladinha.eu\/blog\/wp-json\/wp\/v2\/posts"}],"about":[{"href":"https:\/\/goladinha.eu\/blog\/wp-json\/wp\/v2\/types\/post"}],"author":[{"embeddable":true,"href":"https:\/\/goladinha.eu\/blog\/wp-json\/wp\/v2\/users\/337"}],"replies":[{"embeddable":true,"href":"https:\/\/goladinha.eu\/blog\/wp-json\/wp\/v2\/comments?post=739"}],"version-history":[{"count":10,"href":"https:\/\/goladinha.eu\/blog\/wp-json\/wp\/v2\/posts\/739\/revisions"}],"predecessor-version":[{"id":745,"href":"https:\/\/goladinha.eu\/blog\/wp-json\/wp\/v2\/posts\/739\/revisions\/745"}],"wp:attachment":[{"href":"https:\/\/goladinha.eu\/blog\/wp-json\/wp\/v2\/media?parent=739"}],"wp:term":[{"taxonomy":"category","embeddable":true,"href":"https:\/\/goladinha.eu\/blog\/wp-json\/wp\/v2\/categories?post=739"},{"taxonomy":"post_tag","embeddable":true,"href":"https:\/\/goladinha.eu\/blog\/wp-json\/wp\/v2\/tags?post=739"}],"curies":[{"name":"wp","href":"https:\/\/api.w.org\/{rel}","templated":true}]}}