{"id":6889,"date":"2016-03-01T00:06:03","date_gmt":"2016-03-01T00:06:03","guid":{"rendered":"http:\/\/goladinha.eu\/blog\/?p=6889"},"modified":"2016-03-01T14:16:32","modified_gmt":"2016-03-01T14:16:32","slug":"schwarzer-kugelmarienkaefer","status":"publish","type":"post","link":"https:\/\/goladinha.eu\/blog\/2016\/03\/01\/schwarzer-kugelmarienkaefer\/","title":{"rendered":"Schwarzer Kugelmarienk\u00e4fer"},"content":{"rendered":"<p><strong>Segunda-feira, 29 de <\/strong><span id=\"result_box\" class=\"short_text\" lang=\"pt\"><span class=\"hps\"><strong>Fevereiro <\/strong><\/span><\/span>2016 \u2013 nachts<strong><span style=\"color: #0000ff\"> -1<\/span> Grad, <\/strong>\u2013 tags<strong><span style=\"color: #ff6600\"> 16 Grad,\u00a0 Sonne<\/span><\/strong><\/p>\n<p>Ein Schwarzer Kugelmarienk\u00e4fer scheint es nicht zu sein &#8211; denn lt. <a href=\"https:\/\/de.wikipedia.org\/wiki\/Schwarzer_Kugelmarienk%C3%A4fer\" target=\"_blank\">Wikipedia <\/a>ist dieser nur 1,2 bis 1,5 mm und -fausserdem kurze Antennen.<\/p>\n<div id=\"attachment_6894\" style=\"width: 510px\" class=\"wp-caption alignleft\"><a href=\"http:\/\/abload.de\/img\/rotfuss_kaefer___2902oaob7.jpg\" target=\"_blank\"><img loading=\"lazy\" decoding=\"async\" aria-describedby=\"caption-attachment-6894\" class=\"size-full wp-image-6894\" src=\"https:\/\/goladinha.eu\/blog\/files\/2016\/03\/rotfuss_kaefer_290216.jpg\" alt=\"K\u00e4fer, Goladinha\" width=\"500\" height=\"375\" srcset=\"https:\/\/goladinha.eu\/blog\/wp-content\/files\/2016\/03\/rotfuss_kaefer_290216.jpg 500w, https:\/\/goladinha.eu\/blog\/wp-content\/files\/2016\/03\/rotfuss_kaefer_290216-400x300.jpg 400w\" sizes=\"auto, (max-width: 500px) 100vw, 500px\" \/><\/a><p id=\"caption-attachment-6894\" class=\"wp-caption-text\">Wir w\u00fcrden ihn Schwarzen Rotfuss-K\u00e4fer nennen&#8230; gr\u00f6sser wird der kleine, 1 cm grosse K\u00e4fer, wenn Du auf das Bild klickst<\/p><\/div>\n<p>&nbsp;<\/p>\n","protected":false},"excerpt":{"rendered":"<p>Segunda-feira, 29 de Fevereiro 2016 \u2013 nachts -1 Grad, \u2013 tags 16 Grad,\u00a0 Sonne Ein Schwarzer Kugelmarienk\u00e4fer scheint es nicht zu sein &#8211; denn lt. Wikipedia ist dieser nur 1,2 bis 1,5 mm und -fausserdem kurze Antennen. &nbsp;<\/p>\n","protected":false},"author":337,"featured_media":0,"comment_status":"open","ping_status":"open","sticky":false,"template":"","format":"standard","meta":{"footnotes":""},"categories":[10],"tags":[],"class_list":["post-6889","post","type-post","status-publish","format-standard","hentry","category-allgemein"],"_links":{"self":[{"href":"https:\/\/goladinha.eu\/blog\/wp-json\/wp\/v2\/posts\/6889","targetHints":{"allow":["GET"]}}],"collection":[{"href":"https:\/\/goladinha.eu\/blog\/wp-json\/wp\/v2\/posts"}],"about":[{"href":"https:\/\/goladinha.eu\/blog\/wp-json\/wp\/v2\/types\/post"}],"author":[{"embeddable":true,"href":"https:\/\/goladinha.eu\/blog\/wp-json\/wp\/v2\/users\/337"}],"replies":[{"embeddable":true,"href":"https:\/\/goladinha.eu\/blog\/wp-json\/wp\/v2\/comments?post=6889"}],"version-history":[{"count":9,"href":"https:\/\/goladinha.eu\/blog\/wp-json\/wp\/v2\/posts\/6889\/revisions"}],"predecessor-version":[{"id":6900,"href":"https:\/\/goladinha.eu\/blog\/wp-json\/wp\/v2\/posts\/6889\/revisions\/6900"}],"wp:attachment":[{"href":"https:\/\/goladinha.eu\/blog\/wp-json\/wp\/v2\/media?parent=6889"}],"wp:term":[{"taxonomy":"category","embeddable":true,"href":"https:\/\/goladinha.eu\/blog\/wp-json\/wp\/v2\/categories?post=6889"},{"taxonomy":"post_tag","embeddable":true,"href":"https:\/\/goladinha.eu\/blog\/wp-json\/wp\/v2\/tags?post=6889"}],"curies":[{"name":"wp","href":"https:\/\/api.w.org\/{rel}","templated":true}]}}