{"id":6671,"date":"2016-01-25T20:25:37","date_gmt":"2016-01-25T20:25:37","guid":{"rendered":"http:\/\/goladinha.eu\/blog\/?p=6671"},"modified":"2016-01-25T20:28:25","modified_gmt":"2016-01-25T20:28:25","slug":"kein-nettes-foto","status":"publish","type":"post","link":"https:\/\/goladinha.eu\/blog\/2016\/01\/25\/kein-nettes-foto\/","title":{"rendered":"Kein nettes Foto"},"content":{"rendered":"<p><strong>Segunda-feira,\u00a025\u00a0<\/strong>de <span id=\"result_box\" class=\"short_text\" lang=\"pt\"><span class=\"hps\">Janeiro\u00a0<\/span><\/span>2016 \u2013 nachts\u00a0<strong>8\u00a0<\/strong>Grad,\u00a0tags <strong>15\u00a0Grad \u2013 <span style=\"color: #333333\">Bew\u00f6lkung<\/span>, <\/strong><span style=\"color: #000080\">7 Liter\/m\u00b2 Regen<\/span><strong>, <\/strong>am sp\u00e4ten Nachmittag doch noch<span style=\"color: #ff6600\"> ein bisschen\u00a0Sonne<\/span><\/p>\n<p>Heute war kein guter Tag f\u00fcr ein &#8222;nettes Foto&#8220;&#8230; vormittags gab es Hagel, danach war es regnerisch&#8230;<br \/>\nAber wie versprochen hier der \u00dcberblick \u00fcber Temperaturen und Niederschl\u00e4ge\u00a0in Goladinha im Januar 2016 bis zu unserer Ankunft.<\/p>\n<div id=\"attachment_6672\" style=\"width: 472px\" class=\"wp-caption alignleft\"><img loading=\"lazy\" decoding=\"async\" aria-describedby=\"caption-attachment-6672\" class=\"size-large wp-image-6672\" src=\"https:\/\/goladinha.eu\/blog\/files\/2016\/01\/temp_tabelle_250116-462x600.jpg\" alt=\"Temperaturen in Goladinha im Januar 2016\" width=\"462\" height=\"600\" srcset=\"https:\/\/goladinha.eu\/blog\/wp-content\/files\/2016\/01\/temp_tabelle_250116-462x600.jpg 462w, https:\/\/goladinha.eu\/blog\/wp-content\/files\/2016\/01\/temp_tabelle_250116-231x300.jpg 231w, https:\/\/goladinha.eu\/blog\/wp-content\/files\/2016\/01\/temp_tabelle_250116.jpg 500w\" sizes=\"auto, (max-width: 462px) 100vw, 462px\" \/><p id=\"caption-attachment-6672\" class=\"wp-caption-text\">An dieser Stelle ein <strong><span style=\"color: #ff99cc\">herzliches Dankesch\u00f6n<\/span><\/strong>, an den Jenigen, der w\u00e4hrend unserer Abwesenheit Goladinha geh\u00fctet hat. \ud83d\ude42<\/p><\/div>\n<p>&nbsp;<\/p>\n<p>&nbsp;<\/p>\n<p>&nbsp;<\/p>\n","protected":false},"excerpt":{"rendered":"<p>Segunda-feira,\u00a025\u00a0de Janeiro\u00a02016 \u2013 nachts\u00a08\u00a0Grad,\u00a0tags 15\u00a0Grad \u2013 Bew\u00f6lkung, 7 Liter\/m\u00b2 Regen, am sp\u00e4ten Nachmittag doch noch ein bisschen\u00a0Sonne Heute war kein guter Tag f\u00fcr ein &#8222;nettes Foto&#8220;&#8230; vormittags gab es Hagel, danach war es regnerisch&#8230; Aber wie versprochen hier der \u00dcberblick \u00fcber Temperaturen und Niederschl\u00e4ge\u00a0in Goladinha im Januar 2016 bis zu unserer Ankunft. &nbsp; &nbsp; &nbsp;<\/p>\n","protected":false},"author":337,"featured_media":0,"comment_status":"open","ping_status":"open","sticky":false,"template":"","format":"standard","meta":{"footnotes":""},"categories":[10],"tags":[],"class_list":["post-6671","post","type-post","status-publish","format-standard","hentry","category-allgemein"],"_links":{"self":[{"href":"https:\/\/goladinha.eu\/blog\/wp-json\/wp\/v2\/posts\/6671","targetHints":{"allow":["GET"]}}],"collection":[{"href":"https:\/\/goladinha.eu\/blog\/wp-json\/wp\/v2\/posts"}],"about":[{"href":"https:\/\/goladinha.eu\/blog\/wp-json\/wp\/v2\/types\/post"}],"author":[{"embeddable":true,"href":"https:\/\/goladinha.eu\/blog\/wp-json\/wp\/v2\/users\/337"}],"replies":[{"embeddable":true,"href":"https:\/\/goladinha.eu\/blog\/wp-json\/wp\/v2\/comments?post=6671"}],"version-history":[{"count":4,"href":"https:\/\/goladinha.eu\/blog\/wp-json\/wp\/v2\/posts\/6671\/revisions"}],"predecessor-version":[{"id":6676,"href":"https:\/\/goladinha.eu\/blog\/wp-json\/wp\/v2\/posts\/6671\/revisions\/6676"}],"wp:attachment":[{"href":"https:\/\/goladinha.eu\/blog\/wp-json\/wp\/v2\/media?parent=6671"}],"wp:term":[{"taxonomy":"category","embeddable":true,"href":"https:\/\/goladinha.eu\/blog\/wp-json\/wp\/v2\/categories?post=6671"},{"taxonomy":"post_tag","embeddable":true,"href":"https:\/\/goladinha.eu\/blog\/wp-json\/wp\/v2\/tags?post=6671"}],"curies":[{"name":"wp","href":"https:\/\/api.w.org\/{rel}","templated":true}]}}