{"id":6657,"date":"2016-01-24T19:02:45","date_gmt":"2016-01-24T19:02:45","guid":{"rendered":"http:\/\/goladinha.eu\/blog\/?p=6657"},"modified":"2016-01-26T07:17:57","modified_gmt":"2016-01-26T07:17:57","slug":"zurueck-in-goladinha-2","status":"publish","type":"post","link":"https:\/\/goladinha.eu\/blog\/2016\/01\/24\/zurueck-in-goladinha-2\/","title":{"rendered":"zur\u00fcck in Goladinha"},"content":{"rendered":"<p><strong>Domingo,\u00a024\u00a0<\/strong>de <span id=\"result_box\" class=\"short_text\" lang=\"pt\"><span class=\"hps\">Janeiro\u00a0<\/span><\/span>2016 \u2013 das Wetter in Goladinha<br \/>\n<strong>nachts 7\u00a0<\/strong>Grad,\u00a0<strong>tags max 17\u00a0Grad &#8211; meist <span style=\"color: #ff6600\">Sonne <\/span><\/strong><\/p>\n<p>Wir sind zur\u00fcck in Goladinha!<br \/>\nWillkommen geheissen wurden wir von Sonnenschein, Mimosenbl\u00fcten und vom H\u00fcter des Platzes.<\/p>\n<div id=\"attachment_6658\" style=\"width: 510px\" class=\"wp-caption alignleft\"><img loading=\"lazy\" decoding=\"async\" aria-describedby=\"caption-attachment-6658\" class=\"size-full wp-image-6658\" src=\"https:\/\/goladinha.eu\/blog\/files\/2016\/01\/back_mimosenbluete_240116.jpg\" alt=\"Mimosenbl\u00fcte heuer viel fr\u00fcher, Goladinha\" width=\"500\" height=\"375\" srcset=\"https:\/\/goladinha.eu\/blog\/wp-content\/files\/2016\/01\/back_mimosenbluete_240116.jpg 500w, https:\/\/goladinha.eu\/blog\/wp-content\/files\/2016\/01\/back_mimosenbluete_240116-400x300.jpg 400w\" sizes=\"auto, (max-width: 500px) 100vw, 500px\" \/><p id=\"caption-attachment-6658\" class=\"wp-caption-text\">&#8230;eigentlich d\u00fcrften die immergr\u00fcnen Mimosen fr\u00fchestens erst in\u00a0zwei Monaten ihre Pracht entfalten.<\/p><\/div>\n<p>Hier ein \u00dcberblick der Temperaturen und Niederschl\u00e4ge\u00a0in Goladinha im Dezember 2015<\/p>\n<p><img loading=\"lazy\" decoding=\"async\" class=\"size-full wp-image-6659\" src=\"https:\/\/goladinha.eu\/blog\/files\/2016\/01\/back_temperaturen_240116.jpg\" alt=\"Temperaturen in Goladinha im Dezember 2015\" width=\"500\" height=\"412\" srcset=\"https:\/\/goladinha.eu\/blog\/wp-content\/files\/2016\/01\/back_temperaturen_240116.jpg 500w, https:\/\/goladinha.eu\/blog\/wp-content\/files\/2016\/01\/back_temperaturen_240116-364x300.jpg 364w\" sizes=\"auto, (max-width: 500px) 100vw, 500px\" \/><\/p>\n<p>Morgen folgen die Temperaturen und Niederschl\u00e4ge f\u00fcr den Januar 2016 (vom 01. bis 23.)<\/p>\n<p>&nbsp;<\/p>\n","protected":false},"excerpt":{"rendered":"<p>Domingo,\u00a024\u00a0de Janeiro\u00a02016 \u2013 das Wetter in Goladinha nachts 7\u00a0Grad,\u00a0tags max 17\u00a0Grad &#8211; meist Sonne Wir sind zur\u00fcck in Goladinha! Willkommen geheissen wurden wir von Sonnenschein, Mimosenbl\u00fcten und vom H\u00fcter des Platzes. Hier ein \u00dcberblick der Temperaturen und Niederschl\u00e4ge\u00a0in Goladinha im Dezember 2015 Morgen folgen die Temperaturen und Niederschl\u00e4ge f\u00fcr den Januar 2016 (vom 01. bis [&hellip;]<\/p>\n","protected":false},"author":337,"featured_media":0,"comment_status":"open","ping_status":"open","sticky":false,"template":"","format":"standard","meta":{"footnotes":""},"categories":[10],"tags":[],"class_list":["post-6657","post","type-post","status-publish","format-standard","hentry","category-allgemein"],"_links":{"self":[{"href":"https:\/\/goladinha.eu\/blog\/wp-json\/wp\/v2\/posts\/6657","targetHints":{"allow":["GET"]}}],"collection":[{"href":"https:\/\/goladinha.eu\/blog\/wp-json\/wp\/v2\/posts"}],"about":[{"href":"https:\/\/goladinha.eu\/blog\/wp-json\/wp\/v2\/types\/post"}],"author":[{"embeddable":true,"href":"https:\/\/goladinha.eu\/blog\/wp-json\/wp\/v2\/users\/337"}],"replies":[{"embeddable":true,"href":"https:\/\/goladinha.eu\/blog\/wp-json\/wp\/v2\/comments?post=6657"}],"version-history":[{"count":12,"href":"https:\/\/goladinha.eu\/blog\/wp-json\/wp\/v2\/posts\/6657\/revisions"}],"predecessor-version":[{"id":6677,"href":"https:\/\/goladinha.eu\/blog\/wp-json\/wp\/v2\/posts\/6657\/revisions\/6677"}],"wp:attachment":[{"href":"https:\/\/goladinha.eu\/blog\/wp-json\/wp\/v2\/media?parent=6657"}],"wp:term":[{"taxonomy":"category","embeddable":true,"href":"https:\/\/goladinha.eu\/blog\/wp-json\/wp\/v2\/categories?post=6657"},{"taxonomy":"post_tag","embeddable":true,"href":"https:\/\/goladinha.eu\/blog\/wp-json\/wp\/v2\/tags?post=6657"}],"curies":[{"name":"wp","href":"https:\/\/api.w.org\/{rel}","templated":true}]}}