{"id":6454,"date":"2015-11-24T21:46:05","date_gmt":"2015-11-24T21:46:05","guid":{"rendered":"http:\/\/goladinha.eu\/blog\/?p=6454"},"modified":"2015-11-24T21:46:05","modified_gmt":"2015-11-24T21:46:05","slug":"oelmuehle","status":"publish","type":"post","link":"https:\/\/goladinha.eu\/blog\/2015\/11\/24\/oelmuehle\/","title":{"rendered":"\u00d6lm\u00fchle"},"content":{"rendered":"<p><strong>Terca-feira, 24<\/strong> de <span id=\"result_box\" class=\"short_text\" lang=\"pt\"><span class=\"hps\">Novembro <\/span><\/span>2015 \u2013 nachts<span style=\"color: #0000ff\"> <strong>-2<\/strong><\/span> Grad \u2013 tags 14 Grad,\u00a0<span style=\"color: #ff6600\"><strong> Sonne<\/strong><\/span><\/p>\n<p>Heute haben wir unsere geernteten Oliven zur \u00d6lm\u00fchle gebracht &#8211; die hat, wie sollte es anders sein, derzeit Hochbetrieb. Ausser Oliven muss man also auch Geduld mitbringen.<br \/>\nAus unseren ca. 120 kg Oliven werden knapp 20 Liter \u00d6l heraus gepresst. Da f\u00fcr eine Pressung 450 kg von N\u00f6ten sind, k\u00f6nnen wir unser \u00d6l erst in 2 Tagen abholen &#8211; die Oliven mehrerer Kleinanlieferer werden zusammengefasst.<\/p>\n<div id=\"attachment_6455\" style=\"width: 510px\" class=\"wp-caption alignleft\"><img loading=\"lazy\" decoding=\"async\" aria-describedby=\"caption-attachment-6455\" class=\"size-full wp-image-6455\" src=\"https:\/\/goladinha.eu\/blog\/files\/2015\/11\/oliven_oelmuehle_241115.jpg\" alt=\"Lagar, Olivenpresse, Goladinha\" width=\"500\" height=\"375\" srcset=\"https:\/\/goladinha.eu\/blog\/wp-content\/files\/2015\/11\/oliven_oelmuehle_241115.jpg 500w, https:\/\/goladinha.eu\/blog\/wp-content\/files\/2015\/11\/oliven_oelmuehle_241115-400x300.jpg 400w\" sizes=\"auto, (max-width: 500px) 100vw, 500px\" \/><p id=\"caption-attachment-6455\" class=\"wp-caption-text\">Der typische Geruch von Oliven\u00f6l liegt in der Luft<\/p><\/div>\n<p>&nbsp;<\/p>\n<p>&nbsp;<\/p>\n","protected":false},"excerpt":{"rendered":"<p>Terca-feira, 24 de Novembro 2015 \u2013 nachts -2 Grad \u2013 tags 14 Grad,\u00a0 Sonne Heute haben wir unsere geernteten Oliven zur \u00d6lm\u00fchle gebracht &#8211; die hat, wie sollte es anders sein, derzeit Hochbetrieb. Ausser Oliven muss man also auch Geduld mitbringen. Aus unseren ca. 120 kg Oliven werden knapp 20 Liter \u00d6l heraus gepresst. Da [&hellip;]<\/p>\n","protected":false},"author":337,"featured_media":0,"comment_status":"open","ping_status":"open","sticky":false,"template":"","format":"standard","meta":{"footnotes":""},"categories":[10],"tags":[],"class_list":["post-6454","post","type-post","status-publish","format-standard","hentry","category-allgemein"],"_links":{"self":[{"href":"https:\/\/goladinha.eu\/blog\/wp-json\/wp\/v2\/posts\/6454","targetHints":{"allow":["GET"]}}],"collection":[{"href":"https:\/\/goladinha.eu\/blog\/wp-json\/wp\/v2\/posts"}],"about":[{"href":"https:\/\/goladinha.eu\/blog\/wp-json\/wp\/v2\/types\/post"}],"author":[{"embeddable":true,"href":"https:\/\/goladinha.eu\/blog\/wp-json\/wp\/v2\/users\/337"}],"replies":[{"embeddable":true,"href":"https:\/\/goladinha.eu\/blog\/wp-json\/wp\/v2\/comments?post=6454"}],"version-history":[{"count":1,"href":"https:\/\/goladinha.eu\/blog\/wp-json\/wp\/v2\/posts\/6454\/revisions"}],"predecessor-version":[{"id":6456,"href":"https:\/\/goladinha.eu\/blog\/wp-json\/wp\/v2\/posts\/6454\/revisions\/6456"}],"wp:attachment":[{"href":"https:\/\/goladinha.eu\/blog\/wp-json\/wp\/v2\/media?parent=6454"}],"wp:term":[{"taxonomy":"category","embeddable":true,"href":"https:\/\/goladinha.eu\/blog\/wp-json\/wp\/v2\/categories?post=6454"},{"taxonomy":"post_tag","embeddable":true,"href":"https:\/\/goladinha.eu\/blog\/wp-json\/wp\/v2\/tags?post=6454"}],"curies":[{"name":"wp","href":"https:\/\/api.w.org\/{rel}","templated":true}]}}