{"id":6444,"date":"2015-11-22T22:58:53","date_gmt":"2015-11-22T22:58:53","guid":{"rendered":"http:\/\/goladinha.eu\/blog\/?p=6444"},"modified":"2015-11-22T23:00:43","modified_gmt":"2015-11-22T23:00:43","slug":"wo-unsere-freunde-wohnen","status":"publish","type":"post","link":"https:\/\/goladinha.eu\/blog\/2015\/11\/22\/wo-unsere-freunde-wohnen\/","title":{"rendered":"&#8230;wo unsere Freunde wohnen"},"content":{"rendered":"<p><strong>Domingo, 22<\/strong> de <span id=\"result_box\" class=\"short_text\" lang=\"pt\"><span class=\"hps\">Novembro <\/span><\/span>2015 \u2013 nachts <strong><span style=\"color: #ff0000\">0<\/span><\/strong> Grad \u2013 tags 12 Grad, <strong>am Morgen <span style=\"color: #0000ff\">leichter Regen<\/span>, ca. 1 Liter\/m\u00b2, danach Bew\u00f6lkung, <span style=\"color: #ff6600\">selten Sonne<\/span><\/strong><\/p>\n<p>Ein seltener Blick, oberhalb von Vias de Pedro in Richtung S\u00fcden &#8211; viel klarer als im Sommer und dennoch irgendwie verschlafen. Im Zezeretal liegt dicker Nebel, von der fr\u00fchen Sonne strahlend weiss erhellt. Am Horizont trennt eine Bergkette die Erde vom Himmel. Dahinter fliesst der Tejo der gen West in Richting Atlantik fliesst.<\/p>\n<div id=\"attachment_6445\" style=\"width: 510px\" class=\"wp-caption alignleft\"><img loading=\"lazy\" decoding=\"async\" aria-describedby=\"caption-attachment-6445\" class=\"size-full wp-image-6445\" src=\"https:\/\/goladinha.eu\/blog\/files\/2015\/11\/pellets_view_221115.jpg\" alt=\"Pelletsfabrik, Zezeretal im Nebel, Goladinha\" width=\"500\" height=\"281\" srcset=\"https:\/\/goladinha.eu\/blog\/wp-content\/files\/2015\/11\/pellets_view_221115.jpg 500w, https:\/\/goladinha.eu\/blog\/wp-content\/files\/2015\/11\/pellets_view_221115-400x225.jpg 400w\" sizes=\"auto, (max-width: 500px) 100vw, 500px\" \/><p id=\"caption-attachment-6445\" class=\"wp-caption-text\">Im unteren Viertel, links hebt sich vom hellen Nebel eine Rauchfahne ab &#8211; dort liegt die Pelletsfabrik von Graca. Und unweit davon in einem verwunschenem Tal leben Freunde von uns. Mitten drin &#8211; im portugiesischem Outback.<\/p><\/div>\n<p>&nbsp;<\/p>\n<p>&nbsp;<\/p>\n","protected":false},"excerpt":{"rendered":"<p>Domingo, 22 de Novembro 2015 \u2013 nachts 0 Grad \u2013 tags 12 Grad, am Morgen leichter Regen, ca. 1 Liter\/m\u00b2, danach Bew\u00f6lkung, selten Sonne Ein seltener Blick, oberhalb von Vias de Pedro in Richtung S\u00fcden &#8211; viel klarer als im Sommer und dennoch irgendwie verschlafen. Im Zezeretal liegt dicker Nebel, von der fr\u00fchen Sonne strahlend [&hellip;]<\/p>\n","protected":false},"author":337,"featured_media":0,"comment_status":"open","ping_status":"open","sticky":false,"template":"","format":"standard","meta":{"footnotes":""},"categories":[10],"tags":[],"class_list":["post-6444","post","type-post","status-publish","format-standard","hentry","category-allgemein"],"_links":{"self":[{"href":"https:\/\/goladinha.eu\/blog\/wp-json\/wp\/v2\/posts\/6444","targetHints":{"allow":["GET"]}}],"collection":[{"href":"https:\/\/goladinha.eu\/blog\/wp-json\/wp\/v2\/posts"}],"about":[{"href":"https:\/\/goladinha.eu\/blog\/wp-json\/wp\/v2\/types\/post"}],"author":[{"embeddable":true,"href":"https:\/\/goladinha.eu\/blog\/wp-json\/wp\/v2\/users\/337"}],"replies":[{"embeddable":true,"href":"https:\/\/goladinha.eu\/blog\/wp-json\/wp\/v2\/comments?post=6444"}],"version-history":[{"count":3,"href":"https:\/\/goladinha.eu\/blog\/wp-json\/wp\/v2\/posts\/6444\/revisions"}],"predecessor-version":[{"id":6448,"href":"https:\/\/goladinha.eu\/blog\/wp-json\/wp\/v2\/posts\/6444\/revisions\/6448"}],"wp:attachment":[{"href":"https:\/\/goladinha.eu\/blog\/wp-json\/wp\/v2\/media?parent=6444"}],"wp:term":[{"taxonomy":"category","embeddable":true,"href":"https:\/\/goladinha.eu\/blog\/wp-json\/wp\/v2\/categories?post=6444"},{"taxonomy":"post_tag","embeddable":true,"href":"https:\/\/goladinha.eu\/blog\/wp-json\/wp\/v2\/tags?post=6444"}],"curies":[{"name":"wp","href":"https:\/\/api.w.org\/{rel}","templated":true}]}}