{"id":6417,"date":"2015-11-18T19:19:21","date_gmt":"2015-11-18T19:19:21","guid":{"rendered":"http:\/\/goladinha.eu\/blog\/?p=6417"},"modified":"2015-11-18T19:22:22","modified_gmt":"2015-11-18T19:22:22","slug":"tuna","status":"publish","type":"post","link":"https:\/\/goladinha.eu\/blog\/2015\/11\/18\/tuna\/","title":{"rendered":"Tuna"},"content":{"rendered":"<p><strong>Quarta-feira, 18<\/strong> de <span id=\"result_box\" class=\"short_text\" lang=\"pt\"><span class=\"hps\">Novembro <\/span><\/span>2015 \u2013 nachts 4 Grad \u2013 tags 19 Grad, <span style=\"color: #ff6600\"><strong>Sonne<\/strong><\/span><\/p>\n<p>Im Wesentlichen besteht die studentische Kleidung (Tuna) bei den jungen M\u00e4nnern aus einem wei\u00dfen Hemd, einer schwarzen Krawatte, einer schwarzen Weste und einem schweren schwarzen Umhang. Die Riten hierzu f\u00fcllen B\u00fccher. Das Ende eines jeden Studienjahres ist von der <strong>Queima das Fitas<\/strong> gekennzeichnet. Die Studienabg\u00e4nger \u00fcbergeben die Gesch\u00e4ftsbereiche den Studienabg\u00e4ngern des n\u00e4chsten Jahres und zerrei\u00dfen ihre typische Studententracht, ein Akt, der symbolisch das Ende des akademischen Lebens einl\u00e4utet.<\/p>\n<div id=\"attachment_6418\" style=\"width: 510px\" class=\"wp-caption alignleft\"><img loading=\"lazy\" decoding=\"async\" aria-describedby=\"caption-attachment-6418\" class=\"size-full wp-image-6418\" src=\"https:\/\/goladinha.eu\/blog\/files\/2015\/11\/porto_tuna_181115.jpg\" alt=\"Porto - Tuna, studentische Tracht\" width=\"500\" height=\"375\" srcset=\"https:\/\/goladinha.eu\/blog\/wp-content\/files\/2015\/11\/porto_tuna_181115.jpg 500w, https:\/\/goladinha.eu\/blog\/wp-content\/files\/2015\/11\/porto_tuna_181115-400x300.jpg 400w\" sizes=\"auto, (max-width: 500px) 100vw, 500px\" \/><p id=\"caption-attachment-6418\" class=\"wp-caption-text\">Studenten in Porto\u00a0 vor dem Teatro Nacional S. Joao. Das, was so aussieht wie ein Kochl\u00f6ffel ist das typische Saitenintrument das zum Fado gespielt wird. Hier ein Film von einer recht emotionalen Abschlussveranstaltung aus Coimbra &#8211; <a href=\"https:\/\/www.youtube.com\/watch?v=f3WGttZdksg\" target=\"_blank\">Queima das Fitas<\/a><\/p><\/div>\n<p>&nbsp;<\/p>\n","protected":false},"excerpt":{"rendered":"<p>Quarta-feira, 18 de Novembro 2015 \u2013 nachts 4 Grad \u2013 tags 19 Grad, Sonne Im Wesentlichen besteht die studentische Kleidung (Tuna) bei den jungen M\u00e4nnern aus einem wei\u00dfen Hemd, einer schwarzen Krawatte, einer schwarzen Weste und einem schweren schwarzen Umhang. Die Riten hierzu f\u00fcllen B\u00fccher. Das Ende eines jeden Studienjahres ist von der Queima das [&hellip;]<\/p>\n","protected":false},"author":337,"featured_media":0,"comment_status":"open","ping_status":"open","sticky":false,"template":"","format":"standard","meta":{"footnotes":""},"categories":[10],"tags":[],"class_list":["post-6417","post","type-post","status-publish","format-standard","hentry","category-allgemein"],"_links":{"self":[{"href":"https:\/\/goladinha.eu\/blog\/wp-json\/wp\/v2\/posts\/6417","targetHints":{"allow":["GET"]}}],"collection":[{"href":"https:\/\/goladinha.eu\/blog\/wp-json\/wp\/v2\/posts"}],"about":[{"href":"https:\/\/goladinha.eu\/blog\/wp-json\/wp\/v2\/types\/post"}],"author":[{"embeddable":true,"href":"https:\/\/goladinha.eu\/blog\/wp-json\/wp\/v2\/users\/337"}],"replies":[{"embeddable":true,"href":"https:\/\/goladinha.eu\/blog\/wp-json\/wp\/v2\/comments?post=6417"}],"version-history":[{"count":5,"href":"https:\/\/goladinha.eu\/blog\/wp-json\/wp\/v2\/posts\/6417\/revisions"}],"predecessor-version":[{"id":6423,"href":"https:\/\/goladinha.eu\/blog\/wp-json\/wp\/v2\/posts\/6417\/revisions\/6423"}],"wp:attachment":[{"href":"https:\/\/goladinha.eu\/blog\/wp-json\/wp\/v2\/media?parent=6417"}],"wp:term":[{"taxonomy":"category","embeddable":true,"href":"https:\/\/goladinha.eu\/blog\/wp-json\/wp\/v2\/categories?post=6417"},{"taxonomy":"post_tag","embeddable":true,"href":"https:\/\/goladinha.eu\/blog\/wp-json\/wp\/v2\/tags?post=6417"}],"curies":[{"name":"wp","href":"https:\/\/api.w.org\/{rel}","templated":true}]}}