{"id":6367,"date":"2015-11-08T18:35:40","date_gmt":"2015-11-08T18:35:40","guid":{"rendered":"http:\/\/goladinha.eu\/blog\/?p=6367"},"modified":"2015-11-08T18:35:40","modified_gmt":"2015-11-08T18:35:40","slug":"ueberwintern","status":"publish","type":"post","link":"https:\/\/goladinha.eu\/blog\/2015\/11\/08\/ueberwintern\/","title":{"rendered":"\u00fcberwintern"},"content":{"rendered":"<p><strong>Domingo, <\/strong>08 de <span id=\"result_box\" class=\"short_text\" lang=\"pt\"><span class=\"hps\">Novembro <\/span><\/span>2015 \u2013 nachts 10\u00b0C \u2013 tags 22\u00b0C,\u00a0<span style=\"color: #ff6600\"><strong> Sonne<\/strong><\/span><\/p>\n<p>Im Fr\u00fchjahr letzten Jahres haben wir ein kleines, selbstgezogenes Avocadob\u00e4umchen geschenkt bekommen.<br \/>\nDa diese Spezies frostempfindlich ist durfte es vergangenen Winter am Fensterbrett (ohne Fenster) im Seminarraum \u00fcberwintern &#8211; da war es ca. 30 cm hoch. Mittlerweile hat es sich mehr als verdreifacht.<\/p>\n<div id=\"attachment_6369\" style=\"width: 460px\" class=\"wp-caption alignleft\"><img loading=\"lazy\" decoding=\"async\" aria-describedby=\"caption-attachment-6369\" class=\"size-large wp-image-6369\" src=\"https:\/\/goladinha.eu\/blog\/files\/2015\/11\/avocado_baum_081115-450x600.jpg\" alt=\"Avocadob\u00e4umchen, Goladinha\" width=\"450\" height=\"600\" srcset=\"https:\/\/goladinha.eu\/blog\/wp-content\/files\/2015\/11\/avocado_baum_081115-450x600.jpg 450w, https:\/\/goladinha.eu\/blog\/wp-content\/files\/2015\/11\/avocado_baum_081115-225x300.jpg 225w, https:\/\/goladinha.eu\/blog\/wp-content\/files\/2015\/11\/avocado_baum_081115.jpg 500w\" sizes=\"auto, (max-width: 450px) 100vw, 450px\" \/><p id=\"caption-attachment-6369\" class=\"wp-caption-text\">Jetzt, die ersten Nachtfr\u00f6ste sind zu bef\u00fcrchten, muss es wieder vor extremer K\u00e4lte gesch\u00fctzt werden. Zu warm sollte es auch nicht sein, aber hell.<\/p><\/div>\n<p>Vielleicht in der neuen K\u00fcche am Fenster.<\/p>\n<p>&nbsp;<\/p>\n<p>&nbsp;<\/p>\n","protected":false},"excerpt":{"rendered":"<p>Domingo, 08 de Novembro 2015 \u2013 nachts 10\u00b0C \u2013 tags 22\u00b0C,\u00a0 Sonne Im Fr\u00fchjahr letzten Jahres haben wir ein kleines, selbstgezogenes Avocadob\u00e4umchen geschenkt bekommen. Da diese Spezies frostempfindlich ist durfte es vergangenen Winter am Fensterbrett (ohne Fenster) im Seminarraum \u00fcberwintern &#8211; da war es ca. 30 cm hoch. Mittlerweile hat es sich mehr als verdreifacht. [&hellip;]<\/p>\n","protected":false},"author":337,"featured_media":0,"comment_status":"open","ping_status":"open","sticky":false,"template":"","format":"standard","meta":{"footnotes":""},"categories":[10],"tags":[],"class_list":["post-6367","post","type-post","status-publish","format-standard","hentry","category-allgemein"],"_links":{"self":[{"href":"https:\/\/goladinha.eu\/blog\/wp-json\/wp\/v2\/posts\/6367","targetHints":{"allow":["GET"]}}],"collection":[{"href":"https:\/\/goladinha.eu\/blog\/wp-json\/wp\/v2\/posts"}],"about":[{"href":"https:\/\/goladinha.eu\/blog\/wp-json\/wp\/v2\/types\/post"}],"author":[{"embeddable":true,"href":"https:\/\/goladinha.eu\/blog\/wp-json\/wp\/v2\/users\/337"}],"replies":[{"embeddable":true,"href":"https:\/\/goladinha.eu\/blog\/wp-json\/wp\/v2\/comments?post=6367"}],"version-history":[{"count":3,"href":"https:\/\/goladinha.eu\/blog\/wp-json\/wp\/v2\/posts\/6367\/revisions"}],"predecessor-version":[{"id":6371,"href":"https:\/\/goladinha.eu\/blog\/wp-json\/wp\/v2\/posts\/6367\/revisions\/6371"}],"wp:attachment":[{"href":"https:\/\/goladinha.eu\/blog\/wp-json\/wp\/v2\/media?parent=6367"}],"wp:term":[{"taxonomy":"category","embeddable":true,"href":"https:\/\/goladinha.eu\/blog\/wp-json\/wp\/v2\/categories?post=6367"},{"taxonomy":"post_tag","embeddable":true,"href":"https:\/\/goladinha.eu\/blog\/wp-json\/wp\/v2\/tags?post=6367"}],"curies":[{"name":"wp","href":"https:\/\/api.w.org\/{rel}","templated":true}]}}