{"id":6364,"date":"2015-11-07T19:49:18","date_gmt":"2015-11-07T19:49:18","guid":{"rendered":"http:\/\/goladinha.eu\/blog\/?p=6364"},"modified":"2015-11-07T19:49:18","modified_gmt":"2015-11-07T19:49:18","slug":"3o-rally-da-pampilhosa-da-serra","status":"publish","type":"post","link":"https:\/\/goladinha.eu\/blog\/2015\/11\/07\/3o-rally-da-pampilhosa-da-serra\/","title":{"rendered":"3\u00ba Rally da Pampilhosa da Serra"},"content":{"rendered":"<p><strong>Sabado, <\/strong>07 de <span id=\"result_box\" class=\"short_text\" lang=\"pt\"><span class=\"hps\">Novembro <\/span><\/span>2015 \u2013 nachts 9\u00b05C \u2013 tags 23\u00b0C,\u00a0<span style=\"color: #ff6600\"><strong> Sonne<\/strong><\/span><\/p>\n<p>Wie jedes Jahr, Anfang November, werden die getunten Oldtimer ausgepackt und auf die Piste gebracht.<br \/>\nDie Piste ist eine \u00f6ffentliche Strasse, sie wird f\u00fcr einen Tag gesperrt und f\u00fchrt auch an Goladinha vorbei.<\/p>\n<div id=\"attachment_6365\" style=\"width: 510px\" class=\"wp-caption alignleft\"><img loading=\"lazy\" decoding=\"async\" aria-describedby=\"caption-attachment-6365\" class=\"size-full wp-image-6365\" src=\"https:\/\/goladinha.eu\/blog\/files\/2015\/11\/oldtimer_ralley_071015.jpg\" alt=\"Oldtimer Ralley, Goladinha\" width=\"500\" height=\"396\" srcset=\"https:\/\/goladinha.eu\/blog\/wp-content\/files\/2015\/11\/oldtimer_ralley_071015.jpg 500w, https:\/\/goladinha.eu\/blog\/wp-content\/files\/2015\/11\/oldtimer_ralley_071015-379x300.jpg 379w\" sizes=\"auto, (max-width: 500px) 100vw, 500px\" \/><p id=\"caption-attachment-6365\" class=\"wp-caption-text\">Einer der Teilnehmer hatte wohl die scharfe Kurve an der Einfahrt zu Goladinha untersch\u00e4tzt und ist in unserem Sandhaufen gelandet.<\/p><\/div>\n<p>&nbsp;<\/p>\n<p>&nbsp;<\/p>\n","protected":false},"excerpt":{"rendered":"<p>Sabado, 07 de Novembro 2015 \u2013 nachts 9\u00b05C \u2013 tags 23\u00b0C,\u00a0 Sonne Wie jedes Jahr, Anfang November, werden die getunten Oldtimer ausgepackt und auf die Piste gebracht. Die Piste ist eine \u00f6ffentliche Strasse, sie wird f\u00fcr einen Tag gesperrt und f\u00fchrt auch an Goladinha vorbei. &nbsp; &nbsp;<\/p>\n","protected":false},"author":337,"featured_media":0,"comment_status":"open","ping_status":"open","sticky":false,"template":"","format":"standard","meta":{"footnotes":""},"categories":[10],"tags":[],"class_list":["post-6364","post","type-post","status-publish","format-standard","hentry","category-allgemein"],"_links":{"self":[{"href":"https:\/\/goladinha.eu\/blog\/wp-json\/wp\/v2\/posts\/6364","targetHints":{"allow":["GET"]}}],"collection":[{"href":"https:\/\/goladinha.eu\/blog\/wp-json\/wp\/v2\/posts"}],"about":[{"href":"https:\/\/goladinha.eu\/blog\/wp-json\/wp\/v2\/types\/post"}],"author":[{"embeddable":true,"href":"https:\/\/goladinha.eu\/blog\/wp-json\/wp\/v2\/users\/337"}],"replies":[{"embeddable":true,"href":"https:\/\/goladinha.eu\/blog\/wp-json\/wp\/v2\/comments?post=6364"}],"version-history":[{"count":1,"href":"https:\/\/goladinha.eu\/blog\/wp-json\/wp\/v2\/posts\/6364\/revisions"}],"predecessor-version":[{"id":6366,"href":"https:\/\/goladinha.eu\/blog\/wp-json\/wp\/v2\/posts\/6364\/revisions\/6366"}],"wp:attachment":[{"href":"https:\/\/goladinha.eu\/blog\/wp-json\/wp\/v2\/media?parent=6364"}],"wp:term":[{"taxonomy":"category","embeddable":true,"href":"https:\/\/goladinha.eu\/blog\/wp-json\/wp\/v2\/categories?post=6364"},{"taxonomy":"post_tag","embeddable":true,"href":"https:\/\/goladinha.eu\/blog\/wp-json\/wp\/v2\/tags?post=6364"}],"curies":[{"name":"wp","href":"https:\/\/api.w.org\/{rel}","templated":true}]}}