{"id":6319,"date":"2015-10-31T11:34:34","date_gmt":"2015-10-31T11:34:34","guid":{"rendered":"http:\/\/goladinha.eu\/blog\/?p=6319"},"modified":"2015-10-31T12:37:52","modified_gmt":"2015-10-31T12:37:52","slug":"westen","status":"publish","type":"post","link":"https:\/\/goladinha.eu\/blog\/2015\/10\/31\/westen\/","title":{"rendered":"Westen"},"content":{"rendered":"<p><strong>Madeira \u2013Sabado, <\/strong>31 de Outubro 2015 \u2013 nachts 17\u00b0C \u2013 tags 20\u00b0C,\u00a0<strong><span style=\"color: #ff6600\"> Sonne <span style=\"color: #808080\">und Bew\u00f6lkung<\/span><\/span><br \/>\n<\/strong><\/p>\n<p><strong>Ponta do Pargo<\/strong>, der \u00e4usserste westlichste Zipel von Madeira. Hier f\u00e4llt die K\u00fcste sehr steil ins Meer &#8211; vielleicht ein Grund weswegen die Landschaft noch nicht <strong>so<\/strong> touristisch erschlossen wurde. Die Bebauung ist lockerer und urspr\u00fcnglicher.<\/p>\n<div id=\"attachment_6320\" style=\"width: 510px\" class=\"wp-caption alignleft\"><img loading=\"lazy\" decoding=\"async\" aria-describedby=\"caption-attachment-6320\" class=\"size-full wp-image-6320\" src=\"https:\/\/goladinha.eu\/blog\/files\/2015\/10\/madeira_klippe2_311015.jpg\" alt=\"Madeira, Klippe 300 Meter, \" width=\"500\" height=\"375\" srcset=\"https:\/\/goladinha.eu\/blog\/wp-content\/files\/2015\/10\/madeira_klippe2_311015.jpg 500w, https:\/\/goladinha.eu\/blog\/wp-content\/files\/2015\/10\/madeira_klippe2_311015-400x300.jpg 400w\" sizes=\"auto, (max-width: 500px) 100vw, 500px\" \/><p id=\"caption-attachment-6320\" class=\"wp-caption-text\">300 Meter hohe Klippe<\/p><\/div>\n<div id=\"attachment_6321\" style=\"width: 510px\" class=\"wp-caption alignleft\"><img loading=\"lazy\" decoding=\"async\" aria-describedby=\"caption-attachment-6321\" class=\"size-full wp-image-6321\" src=\"https:\/\/goladinha.eu\/blog\/files\/2015\/10\/madeira_klippe1_311015.jpg\" alt=\"Madeira, Klippe 300 Meter, \" width=\"500\" height=\"375\" srcset=\"https:\/\/goladinha.eu\/blog\/wp-content\/files\/2015\/10\/madeira_klippe1_311015.jpg 500w, https:\/\/goladinha.eu\/blog\/wp-content\/files\/2015\/10\/madeira_klippe1_311015-400x300.jpg 400w\" sizes=\"auto, (max-width: 500px) 100vw, 500px\" \/><p id=\"caption-attachment-6321\" class=\"wp-caption-text\">Ungesicherte Aussichtsplattform &#8211; wer traut sich wie weit an den Rand?<\/p><\/div>\n<p>&nbsp;<\/p>\n<p>&nbsp;<\/p>\n","protected":false},"excerpt":{"rendered":"<p>Madeira \u2013Sabado, 31 de Outubro 2015 \u2013 nachts 17\u00b0C \u2013 tags 20\u00b0C,\u00a0 Sonne und Bew\u00f6lkung Ponta do Pargo, der \u00e4usserste westlichste Zipel von Madeira. Hier f\u00e4llt die K\u00fcste sehr steil ins Meer &#8211; vielleicht ein Grund weswegen die Landschaft noch nicht so touristisch erschlossen wurde. Die Bebauung ist lockerer und urspr\u00fcnglicher. &nbsp; &nbsp;<\/p>\n","protected":false},"author":337,"featured_media":0,"comment_status":"open","ping_status":"open","sticky":false,"template":"","format":"standard","meta":{"footnotes":""},"categories":[10],"tags":[],"class_list":["post-6319","post","type-post","status-publish","format-standard","hentry","category-allgemein"],"_links":{"self":[{"href":"https:\/\/goladinha.eu\/blog\/wp-json\/wp\/v2\/posts\/6319","targetHints":{"allow":["GET"]}}],"collection":[{"href":"https:\/\/goladinha.eu\/blog\/wp-json\/wp\/v2\/posts"}],"about":[{"href":"https:\/\/goladinha.eu\/blog\/wp-json\/wp\/v2\/types\/post"}],"author":[{"embeddable":true,"href":"https:\/\/goladinha.eu\/blog\/wp-json\/wp\/v2\/users\/337"}],"replies":[{"embeddable":true,"href":"https:\/\/goladinha.eu\/blog\/wp-json\/wp\/v2\/comments?post=6319"}],"version-history":[{"count":7,"href":"https:\/\/goladinha.eu\/blog\/wp-json\/wp\/v2\/posts\/6319\/revisions"}],"predecessor-version":[{"id":6328,"href":"https:\/\/goladinha.eu\/blog\/wp-json\/wp\/v2\/posts\/6319\/revisions\/6328"}],"wp:attachment":[{"href":"https:\/\/goladinha.eu\/blog\/wp-json\/wp\/v2\/media?parent=6319"}],"wp:term":[{"taxonomy":"category","embeddable":true,"href":"https:\/\/goladinha.eu\/blog\/wp-json\/wp\/v2\/categories?post=6319"},{"taxonomy":"post_tag","embeddable":true,"href":"https:\/\/goladinha.eu\/blog\/wp-json\/wp\/v2\/tags?post=6319"}],"curies":[{"name":"wp","href":"https:\/\/api.w.org\/{rel}","templated":true}]}}