{"id":6290,"date":"2015-10-27T21:47:52","date_gmt":"2015-10-27T21:47:52","guid":{"rendered":"http:\/\/goladinha.eu\/blog\/?p=6290"},"modified":"2015-10-27T21:51:33","modified_gmt":"2015-10-27T21:51:33","slug":"drachenbaeume","status":"publish","type":"post","link":"https:\/\/goladinha.eu\/blog\/2015\/10\/27\/drachenbaeume\/","title":{"rendered":"Drachenb\u00e4ume"},"content":{"rendered":"<p><strong>Porto Santo \u2013 Segunda-feira, <\/strong>27 de Outubro 2015 \u2013 nachts 20\u00b0C \u2013 tags 25\u00b0C,\u00a0<span style=\"color: #ff6600\"><strong> Sonne<\/strong><\/span><\/p>\n<p>&#8222;Es ist heute unvorstellbar, dass sich auf dem rund 11 Km langen und 6 Km breitem Eiland einst Drachenbaumw\u00e4lder dehnten und sp\u00e4ter Kornfelder wogten&#8230;.Im 16 Jh. entdeckten spanische und italenische Kaufleute welchen Reichtum ihnen die Drachenaumw\u00e4lder bescherten. Das Harz der Der B\u00e4ume war in Europa begehrt &#8211; die St\u00e4mme bluteten schliesslich aus. Aber auch Brandrodungen zerst\u00f6rten die Inselvegetation.<br \/>\nDer fruchtbare Boden trocknete aus, Regen und Wind sp\u00fclte die Ackerkrume in den Atlantik.&#8220;\u00a0\u00a0\u00a0 <em>Reisef\u00fchrer, Marco Polo<\/em><\/p>\n<div id=\"attachment_6291\" style=\"width: 510px\" class=\"wp-caption alignleft\"><img loading=\"lazy\" decoding=\"async\" aria-describedby=\"caption-attachment-6291\" class=\"size-full wp-image-6291\" src=\"https:\/\/goladinha.eu\/blog\/files\/2015\/10\/madeira_porto_santo2_271015.jpg\" alt=\"Madeira, Porto Santo, Drachenb\u00e4ume\" width=\"500\" height=\"342\" srcset=\"https:\/\/goladinha.eu\/blog\/wp-content\/files\/2015\/10\/madeira_porto_santo2_271015.jpg 500w, https:\/\/goladinha.eu\/blog\/wp-content\/files\/2015\/10\/madeira_porto_santo2_271015-400x274.jpg 400w\" sizes=\"auto, (max-width: 500px) 100vw, 500px\" \/><p id=\"caption-attachment-6291\" class=\"wp-caption-text\">Madeira, Porto Santo ohne Drachenbaumw\u00e4lder<\/p><\/div>\n<p>&nbsp;<\/p>\n<p>&nbsp;<\/p>\n","protected":false},"excerpt":{"rendered":"<p>Porto Santo \u2013 Segunda-feira, 27 de Outubro 2015 \u2013 nachts 20\u00b0C \u2013 tags 25\u00b0C,\u00a0 Sonne &#8222;Es ist heute unvorstellbar, dass sich auf dem rund 11 Km langen und 6 Km breitem Eiland einst Drachenbaumw\u00e4lder dehnten und sp\u00e4ter Kornfelder wogten&#8230;.Im 16 Jh. entdeckten spanische und italenische Kaufleute welchen Reichtum ihnen die Drachenaumw\u00e4lder bescherten. Das Harz der [&hellip;]<\/p>\n","protected":false},"author":337,"featured_media":0,"comment_status":"open","ping_status":"open","sticky":false,"template":"","format":"standard","meta":{"footnotes":""},"categories":[10],"tags":[],"class_list":["post-6290","post","type-post","status-publish","format-standard","hentry","category-allgemein"],"_links":{"self":[{"href":"https:\/\/goladinha.eu\/blog\/wp-json\/wp\/v2\/posts\/6290","targetHints":{"allow":["GET"]}}],"collection":[{"href":"https:\/\/goladinha.eu\/blog\/wp-json\/wp\/v2\/posts"}],"about":[{"href":"https:\/\/goladinha.eu\/blog\/wp-json\/wp\/v2\/types\/post"}],"author":[{"embeddable":true,"href":"https:\/\/goladinha.eu\/blog\/wp-json\/wp\/v2\/users\/337"}],"replies":[{"embeddable":true,"href":"https:\/\/goladinha.eu\/blog\/wp-json\/wp\/v2\/comments?post=6290"}],"version-history":[{"count":3,"href":"https:\/\/goladinha.eu\/blog\/wp-json\/wp\/v2\/posts\/6290\/revisions"}],"predecessor-version":[{"id":6294,"href":"https:\/\/goladinha.eu\/blog\/wp-json\/wp\/v2\/posts\/6290\/revisions\/6294"}],"wp:attachment":[{"href":"https:\/\/goladinha.eu\/blog\/wp-json\/wp\/v2\/media?parent=6290"}],"wp:term":[{"taxonomy":"category","embeddable":true,"href":"https:\/\/goladinha.eu\/blog\/wp-json\/wp\/v2\/categories?post=6290"},{"taxonomy":"post_tag","embeddable":true,"href":"https:\/\/goladinha.eu\/blog\/wp-json\/wp\/v2\/tags?post=6290"}],"curies":[{"name":"wp","href":"https:\/\/api.w.org\/{rel}","templated":true}]}}