{"id":6282,"date":"2015-10-26T21:23:26","date_gmt":"2015-10-26T21:23:26","guid":{"rendered":"http:\/\/goladinha.eu\/blog\/?p=6282"},"modified":"2015-10-26T21:25:14","modified_gmt":"2015-10-26T21:25:14","slug":"die-kleine-schwester","status":"publish","type":"post","link":"https:\/\/goladinha.eu\/blog\/2015\/10\/26\/die-kleine-schwester\/","title":{"rendered":"Die kleine Schwester"},"content":{"rendered":"<p><strong><span style=\"color: #993300\">Porto Santo<\/span> &#8211; Segunda-feira, <\/strong>26 de Outubro 2015 \u2013 nachts 19\u00b0C \u2013 tags 24\u00b0C,\u00a0<span style=\"color: #ff6600\"><strong> Sonne,<span style=\"color: #0000ff\"> ab Sp\u00e4tnachmittag Nieselregen<\/span><br \/>\n<\/strong><\/span><\/p>\n<p>Fr\u00fch am Morgen schon geht die F\u00e4hre von Madeira (in Bildmitte am Horizont gerade noch erkennbar) zu der kleinen Schwesterinsel\u00a0 PORTO SANTO.<\/p>\n<div id=\"attachment_6285\" style=\"width: 510px\" class=\"wp-caption alignleft\"><img loading=\"lazy\" decoding=\"async\" aria-describedby=\"caption-attachment-6285\" class=\"size-full wp-image-6285\" src=\"https:\/\/goladinha.eu\/blog\/files\/2015\/10\/madeira_porto_santo0_261015.jpg\" alt=\"Madeira, F\u00e4hre, Porto Santo\" width=\"500\" height=\"375\" srcset=\"https:\/\/goladinha.eu\/blog\/wp-content\/files\/2015\/10\/madeira_porto_santo0_261015.jpg 500w, https:\/\/goladinha.eu\/blog\/wp-content\/files\/2015\/10\/madeira_porto_santo0_261015-400x300.jpg 400w\" sizes=\"auto, (max-width: 500px) 100vw, 500px\" \/><p id=\"caption-attachment-6285\" class=\"wp-caption-text\">Die grosse Schwester bleibt\u00a0 in Blickkontakt &#8211; trotz der 75 Km Distanz<\/p><\/div>\n<div id=\"attachment_6284\" style=\"width: 510px\" class=\"wp-caption alignleft\"><img loading=\"lazy\" decoding=\"async\" aria-describedby=\"caption-attachment-6284\" class=\"size-full wp-image-6284\" src=\"https:\/\/goladinha.eu\/blog\/files\/2015\/10\/madeira_porto_santo1_261015.jpg\" alt=\"Porto Santo, F\u00e4hre\" width=\"500\" height=\"374\" srcset=\"https:\/\/goladinha.eu\/blog\/wp-content\/files\/2015\/10\/madeira_porto_santo1_261015.jpg 500w, https:\/\/goladinha.eu\/blog\/wp-content\/files\/2015\/10\/madeira_porto_santo1_261015-400x300.jpg 400w\" sizes=\"auto, (max-width: 500px) 100vw, 500px\" \/><p id=\"caption-attachment-6284\" class=\"wp-caption-text\">130 Minuten dauert die \u00dcberfahrt<\/p><\/div>\n<p>&nbsp;<\/p>\n<p>&nbsp;<\/p>\n","protected":false},"excerpt":{"rendered":"<p>Porto Santo &#8211; Segunda-feira, 26 de Outubro 2015 \u2013 nachts 19\u00b0C \u2013 tags 24\u00b0C,\u00a0 Sonne, ab Sp\u00e4tnachmittag Nieselregen Fr\u00fch am Morgen schon geht die F\u00e4hre von Madeira (in Bildmitte am Horizont gerade noch erkennbar) zu der kleinen Schwesterinsel\u00a0 PORTO SANTO. &nbsp; &nbsp;<\/p>\n","protected":false},"author":337,"featured_media":0,"comment_status":"open","ping_status":"open","sticky":false,"template":"","format":"standard","meta":{"footnotes":""},"categories":[10],"tags":[],"class_list":["post-6282","post","type-post","status-publish","format-standard","hentry","category-allgemein"],"_links":{"self":[{"href":"https:\/\/goladinha.eu\/blog\/wp-json\/wp\/v2\/posts\/6282","targetHints":{"allow":["GET"]}}],"collection":[{"href":"https:\/\/goladinha.eu\/blog\/wp-json\/wp\/v2\/posts"}],"about":[{"href":"https:\/\/goladinha.eu\/blog\/wp-json\/wp\/v2\/types\/post"}],"author":[{"embeddable":true,"href":"https:\/\/goladinha.eu\/blog\/wp-json\/wp\/v2\/users\/337"}],"replies":[{"embeddable":true,"href":"https:\/\/goladinha.eu\/blog\/wp-json\/wp\/v2\/comments?post=6282"}],"version-history":[{"count":4,"href":"https:\/\/goladinha.eu\/blog\/wp-json\/wp\/v2\/posts\/6282\/revisions"}],"predecessor-version":[{"id":6289,"href":"https:\/\/goladinha.eu\/blog\/wp-json\/wp\/v2\/posts\/6282\/revisions\/6289"}],"wp:attachment":[{"href":"https:\/\/goladinha.eu\/blog\/wp-json\/wp\/v2\/media?parent=6282"}],"wp:term":[{"taxonomy":"category","embeddable":true,"href":"https:\/\/goladinha.eu\/blog\/wp-json\/wp\/v2\/categories?post=6282"},{"taxonomy":"post_tag","embeddable":true,"href":"https:\/\/goladinha.eu\/blog\/wp-json\/wp\/v2\/tags?post=6282"}],"curies":[{"name":"wp","href":"https:\/\/api.w.org\/{rel}","templated":true}]}}