{"id":6231,"date":"2015-10-18T20:55:22","date_gmt":"2015-10-18T19:55:22","guid":{"rendered":"http:\/\/goladinha.eu\/blog\/?p=6231"},"modified":"2015-10-18T20:57:10","modified_gmt":"2015-10-18T19:57:10","slug":"casas-de-colmo","status":"publish","type":"post","link":"https:\/\/goladinha.eu\/blog\/2015\/10\/18\/casas-de-colmo\/","title":{"rendered":"Casas de colmo"},"content":{"rendered":"<p><strong>Domingo, <\/strong>18 de Outubro 2015 \u2013 nachts 19\u00b0C \u2013 tags 22\u00b0C, <span style=\"color: #ff6600\"><strong>Sonne<\/strong><\/span><\/p>\n<p>Casa de colmo, auch als Madeira-H\u00e4uschen oder Santana-H\u00fctten bezeichnete, \u00fcberlieferte Wohnform war Santana \u00fcber Jahrzehnte bekannt. Es handelt sich um strohgedeckte Holzh\u00e4user, die sich unter ein dreieckiges, fast bis zum Boden reichendes Giebeldach ducken. In verschiedenen Farben gestrichen und mit Blumen dekoriert sehen sie schnuckelig aus, tats\u00e4chlich pferchten sich die Familien in drangvoller Enge darunter zusammen. Originale H\u00e4uschen sind mittlerweile fast s\u00e4mtlich verfallen. Quelle: https:\/\/de.wikivoyage.org\/wiki\/Santana_%28Madeira%29<\/p>\n<div id=\"attachment_6233\" style=\"width: 510px\" class=\"wp-caption alignleft\"><img loading=\"lazy\" decoding=\"async\" aria-describedby=\"caption-attachment-6233\" class=\"size-full wp-image-6233\" src=\"https:\/\/goladinha.eu\/blog\/files\/2015\/10\/madeira_casas_de_colmo1_181015.gif\" alt=\"Casas de Colmo, Madeira, strohgedecktes Nurdachhaus,\" width=\"500\" height=\"375\" \/><p id=\"caption-attachment-6233\" class=\"wp-caption-text\">Dieses hier wird noch bewohnt<\/p><\/div>\n<div id=\"attachment_6234\" style=\"width: 510px\" class=\"wp-caption alignleft\"><img loading=\"lazy\" decoding=\"async\" aria-describedby=\"caption-attachment-6234\" class=\"size-full wp-image-6234\" src=\"https:\/\/goladinha.eu\/blog\/files\/2015\/10\/madeira_casas_de_colmo2_181015.gif\" alt=\"Casas de Colmo, Madeira, strohgedecktes Nurdachhaus,\" width=\"500\" height=\"375\" \/><p id=\"caption-attachment-6234\" class=\"wp-caption-text\">Dass Stroh als Dacheindeckung nicht die schlechteste Wahl ist, zeigt sich am Beispiel dieser, in einem Park gelegenen, Villa.<\/p><\/div>\n<p>&nbsp;<\/p>\n<p>&nbsp;<\/p>\n","protected":false},"excerpt":{"rendered":"<p>Domingo, 18 de Outubro 2015 \u2013 nachts 19\u00b0C \u2013 tags 22\u00b0C, Sonne Casa de colmo, auch als Madeira-H\u00e4uschen oder Santana-H\u00fctten bezeichnete, \u00fcberlieferte Wohnform war Santana \u00fcber Jahrzehnte bekannt. Es handelt sich um strohgedeckte Holzh\u00e4user, die sich unter ein dreieckiges, fast bis zum Boden reichendes Giebeldach ducken. In verschiedenen Farben gestrichen und mit Blumen dekoriert sehen [&hellip;]<\/p>\n","protected":false},"author":337,"featured_media":0,"comment_status":"open","ping_status":"open","sticky":false,"template":"","format":"standard","meta":{"footnotes":""},"categories":[10],"tags":[],"class_list":["post-6231","post","type-post","status-publish","format-standard","hentry","category-allgemein"],"_links":{"self":[{"href":"https:\/\/goladinha.eu\/blog\/wp-json\/wp\/v2\/posts\/6231","targetHints":{"allow":["GET"]}}],"collection":[{"href":"https:\/\/goladinha.eu\/blog\/wp-json\/wp\/v2\/posts"}],"about":[{"href":"https:\/\/goladinha.eu\/blog\/wp-json\/wp\/v2\/types\/post"}],"author":[{"embeddable":true,"href":"https:\/\/goladinha.eu\/blog\/wp-json\/wp\/v2\/users\/337"}],"replies":[{"embeddable":true,"href":"https:\/\/goladinha.eu\/blog\/wp-json\/wp\/v2\/comments?post=6231"}],"version-history":[{"count":4,"href":"https:\/\/goladinha.eu\/blog\/wp-json\/wp\/v2\/posts\/6231\/revisions"}],"predecessor-version":[{"id":6237,"href":"https:\/\/goladinha.eu\/blog\/wp-json\/wp\/v2\/posts\/6231\/revisions\/6237"}],"wp:attachment":[{"href":"https:\/\/goladinha.eu\/blog\/wp-json\/wp\/v2\/media?parent=6231"}],"wp:term":[{"taxonomy":"category","embeddable":true,"href":"https:\/\/goladinha.eu\/blog\/wp-json\/wp\/v2\/categories?post=6231"},{"taxonomy":"post_tag","embeddable":true,"href":"https:\/\/goladinha.eu\/blog\/wp-json\/wp\/v2\/tags?post=6231"}],"curies":[{"name":"wp","href":"https:\/\/api.w.org\/{rel}","templated":true}]}}