{"id":35071,"date":"2026-05-01T21:17:39","date_gmt":"2026-05-01T20:17:39","guid":{"rendered":"https:\/\/goladinha.eu\/blog\/?p=35071"},"modified":"2026-05-01T21:17:39","modified_gmt":"2026-05-01T20:17:39","slug":"1-mai-tag-der-arbeit-beltane-senhor-joao","status":"publish","type":"post","link":"https:\/\/goladinha.eu\/blog\/2026\/05\/01\/1-mai-tag-der-arbeit-beltane-senhor-joao\/","title":{"rendered":"1. Mai &#8211; Tag der Arbeit &#8211; Beltane &#8211; Senhor Joao"},"content":{"rendered":"<p><strong>Sexta 1 de Maio <\/strong>de 2026 \u2013 nachts \u2193<strong>5 <\/strong>Grad<br \/>\ntags <strong>\u219120<\/strong> Grad \u2013 <span style=\"color: #ff6600;\">Sonne<\/span> &#8211; <span style=\"color: #808080;\">Bew\u00f6lkung<\/span> \u2013 (1621) 13-31 km\/h N-NW-S-SW<\/p>\n<p>Es gibt viele Anl\u00e4sse, den <a href=\"https:\/\/de.wikipedia.org\/wiki\/Erster_Mai\" target=\"_blank\" rel=\"noopener\">1. Mai<\/a> zu feiern. F\u00fcr die Kelten war <a href=\"https:\/\/goladinha.eu\/blog\/index.php?s=beltane\" target=\"_blank\" rel=\"noopener\">Beltane<\/a> der Sommeranfang, f\u00fcr die Arbeiterbewegung ist es der Internationale Kampftag der Arbeiterklasse und manche machen sich \u00fcber die geschichtlichen Hintergr\u00fcnde keine Gedanken und freuen sich auf den arbeitsfreien Tag \u2013 in Deutschland, nicht so in Portugal.<br \/>\nIn der Quinta da Nogueira<a href=\"https:\/\/goladinha.eu\/blog\/2025\/05\/01\/beltane-maifeier\/#comment-89333\" target=\"_blank\" rel=\"noopener\"> in Bolo findet traditionell am 1. Mai eine Feier statt<\/a>, zu der alle Freunde und interessierten Menschen aus dem Umfeld von <a href=\"https:\/\/goladinha.eu\/blog\/index.php?s=senhor+joao\" target=\"_blank\" rel=\"noopener\">Senhor Joao<\/a> und seiner Frau Dina eingeladen sind.<\/p>\n<div style=\"width: 720px;\" class=\"wp-video\"><video class=\"wp-video-shortcode\" id=\"video-35071-1\" width=\"720\" height=\"1280\" preload=\"metadata\" controls=\"controls\"><source type=\"video\/mp4\" src=\"https:\/\/goladinha.eu\/blog\/wp-content\/files\/2026\/05\/joao_maifeier_010526.mp4?_=1\" \/><a href=\"https:\/\/goladinha.eu\/blog\/wp-content\/files\/2026\/05\/joao_maifeier_010526.mp4\">https:\/\/goladinha.eu\/blog\/wp-content\/files\/2026\/05\/joao_maifeier_010526.mp4<\/a><\/video><\/div>\n<p>Eine musikalische Darbietung, um den Alltag hinter sich zu lassen.<\/p>\n","protected":false},"excerpt":{"rendered":"<p>Sexta 1 de Maio de 2026 \u2013 nachts \u21935 Grad tags \u219120 Grad \u2013 Sonne &#8211; Bew\u00f6lkung \u2013 (1621) 13-31 km\/h N-NW-S-SW Es gibt viele Anl\u00e4sse, den 1. Mai zu feiern. F\u00fcr die Kelten war Beltane der Sommeranfang, f\u00fcr die Arbeiterbewegung ist es der Internationale Kampftag der Arbeiterklasse und manche machen sich \u00fcber die geschichtlichen [&hellip;]<\/p>\n","protected":false},"author":1,"featured_media":0,"comment_status":"open","ping_status":"closed","sticky":false,"template":"","format":"standard","meta":{"footnotes":""},"categories":[10],"tags":[],"class_list":["post-35071","post","type-post","status-publish","format-standard","hentry","category-allgemein"],"_links":{"self":[{"href":"https:\/\/goladinha.eu\/blog\/wp-json\/wp\/v2\/posts\/35071","targetHints":{"allow":["GET"]}}],"collection":[{"href":"https:\/\/goladinha.eu\/blog\/wp-json\/wp\/v2\/posts"}],"about":[{"href":"https:\/\/goladinha.eu\/blog\/wp-json\/wp\/v2\/types\/post"}],"author":[{"embeddable":true,"href":"https:\/\/goladinha.eu\/blog\/wp-json\/wp\/v2\/users\/1"}],"replies":[{"embeddable":true,"href":"https:\/\/goladinha.eu\/blog\/wp-json\/wp\/v2\/comments?post=35071"}],"version-history":[{"count":5,"href":"https:\/\/goladinha.eu\/blog\/wp-json\/wp\/v2\/posts\/35071\/revisions"}],"predecessor-version":[{"id":35077,"href":"https:\/\/goladinha.eu\/blog\/wp-json\/wp\/v2\/posts\/35071\/revisions\/35077"}],"wp:attachment":[{"href":"https:\/\/goladinha.eu\/blog\/wp-json\/wp\/v2\/media?parent=35071"}],"wp:term":[{"taxonomy":"category","embeddable":true,"href":"https:\/\/goladinha.eu\/blog\/wp-json\/wp\/v2\/categories?post=35071"},{"taxonomy":"post_tag","embeddable":true,"href":"https:\/\/goladinha.eu\/blog\/wp-json\/wp\/v2\/tags?post=35071"}],"curies":[{"name":"wp","href":"https:\/\/api.w.org\/{rel}","templated":true}]}}