{"id":34216,"date":"2026-01-19T17:10:46","date_gmt":"2026-01-19T17:10:46","guid":{"rendered":"https:\/\/goladinha.eu\/blog\/?p=34216"},"modified":"2026-01-19T17:10:46","modified_gmt":"2026-01-19T17:10:46","slug":"de-praesidentschaftswahl-in-portugal","status":"publish","type":"post","link":"https:\/\/goladinha.eu\/blog\/2026\/01\/19\/de-praesidentschaftswahl-in-portugal\/","title":{"rendered":"de &#8211; Pr\u00e4sidentschaftswahl in Portugal"},"content":{"rendered":"<p>Segunda <strong>19<\/strong>\u00a0de Janeiro de 2026<br \/>\n<em>Das Wetter in Goladinha lt. tempo.pt<\/em> \u2013 nachts <span style=\"color: #000080;\"><strong>\u2191-1 <\/strong><\/span>Grad<br \/>\ntags <strong>\u219110 <\/strong>Grad \u2013 <span style=\"color: #ff6600;\">Sonne<\/span> \u2013 <span style=\"color: #808080;\">Bew\u00f6lkung <\/span>(731+108) 15-35 km\/h <strong>N<\/strong><\/p>\n<p><strong>Die Portugiesen haben die Wahl:<\/strong> In der Stichwahl um die Pr\u00e4sidentschaft in Portugal tritt <strong>der Sieger der ersten Runde, der Sozialist Ant\u00f3nio Jos\u00e9<\/strong>, gegen den Zweitplatzierten, den <strong>Rechtsextremen Andr\u00e9 Ventura,<\/strong> an &#8211; f\u00fcnf Kandidaten stellten sich<br \/>\nDie sozialdemokratische Partei PSD von<strong> Ministerpr\u00e4sident Lu\u00eds Montenegro<\/strong> wird f\u00fcr den zweiten Wahlgang der Pr\u00e4sidentschaftswahlen am 8. Februar keine Empfehlung aussprechen.<\/p>\n<p><a href=\"https:\/\/goladinha.eu\/blog\/wp-content\/files\/2026\/01\/de_stichwahl_pt_190126.png\" target=\"_blank\" rel=\"noopener\"><img loading=\"lazy\" decoding=\"async\" class=\"wp-image-34218 size-medium\" src=\"https:\/\/goladinha.eu\/blog\/wp-content\/files\/2026\/01\/de_stichwahl_pt_190126-500x297.png\" alt=\"Pr\u00e4sidentschaftswahl Portugal, Stichwahl, links gegen rechts, Goladinha, Portugal\" width=\"500\" height=\"297\" srcset=\"https:\/\/goladinha.eu\/blog\/wp-content\/files\/2026\/01\/de_stichwahl_pt_190126-500x297.png 500w, https:\/\/goladinha.eu\/blog\/wp-content\/files\/2026\/01\/de_stichwahl_pt_190126-768x456.png 768w, https:\/\/goladinha.eu\/blog\/wp-content\/files\/2026\/01\/de_stichwahl_pt_190126.png 886w\" sizes=\"auto, (max-width: 500px) 100vw, 500px\" \/><\/a><\/p>\n<p class=\"bodytext paragraph  typo-bodytext is-block column pv-0 is-8-tablet mgh-auto-tablet mobile-order-2\"><span style=\"color: #0000ff;\">Zitat aus dem<\/span> <a href=\"https:\/\/taz.de\/Praesidenschaftswahlen-in-Portugal\/!6146575\/\" target=\"_blank\" rel=\"noopener\">taz-Artikel vom 19.01.2026<\/a><br \/>\n<span style=\"color: #800000;\"><strong><em><span style=\"color: #0000ff;\">&#8222;<\/span><span style=\"color: #ff0000;\">Die Konservativen in Portugal spielen mit dem Feuer<\/span><span style=\"color: #0000ff;\"> &#8230;..Montenegro signalisiert damit, dass es f\u00fcr die PSD keinen Unterschied mehr gibt zwischen denen, die die aus der Nelkenrevolution 1974 gegen die Salazar-Diktatur hervorgegangenen demokratischen Republik verteidigen und denen, die diese abschaffen wollen. Das hei\u00dft dann eben auch, es gibt f\u00fcr Montenegro keinen Unterschied zwischen demokratischen und sozialen Werten und Verherrlichung der Diktatur, die mit Hasskampagnen gegen Zuwanderer und allerlei Minderheiten einhergeht.&#8220;<\/span><\/em><\/strong><\/span><\/p>\n","protected":false},"excerpt":{"rendered":"<p>Segunda 19\u00a0de Janeiro de 2026 Das Wetter in Goladinha lt. tempo.pt \u2013 nachts \u2191-1 Grad tags \u219110 Grad \u2013 Sonne \u2013 Bew\u00f6lkung (731+108) 15-35 km\/h N Die Portugiesen haben die Wahl: In der Stichwahl um die Pr\u00e4sidentschaft in Portugal tritt der Sieger der ersten Runde, der Sozialist Ant\u00f3nio Jos\u00e9, gegen den Zweitplatzierten, den Rechtsextremen Andr\u00e9 [&hellip;]<\/p>\n","protected":false},"author":1,"featured_media":0,"comment_status":"open","ping_status":"closed","sticky":false,"template":"","format":"standard","meta":{"footnotes":""},"categories":[10],"tags":[],"class_list":["post-34216","post","type-post","status-publish","format-standard","hentry","category-allgemein"],"_links":{"self":[{"href":"https:\/\/goladinha.eu\/blog\/wp-json\/wp\/v2\/posts\/34216","targetHints":{"allow":["GET"]}}],"collection":[{"href":"https:\/\/goladinha.eu\/blog\/wp-json\/wp\/v2\/posts"}],"about":[{"href":"https:\/\/goladinha.eu\/blog\/wp-json\/wp\/v2\/types\/post"}],"author":[{"embeddable":true,"href":"https:\/\/goladinha.eu\/blog\/wp-json\/wp\/v2\/users\/1"}],"replies":[{"embeddable":true,"href":"https:\/\/goladinha.eu\/blog\/wp-json\/wp\/v2\/comments?post=34216"}],"version-history":[{"count":9,"href":"https:\/\/goladinha.eu\/blog\/wp-json\/wp\/v2\/posts\/34216\/revisions"}],"predecessor-version":[{"id":34226,"href":"https:\/\/goladinha.eu\/blog\/wp-json\/wp\/v2\/posts\/34216\/revisions\/34226"}],"wp:attachment":[{"href":"https:\/\/goladinha.eu\/blog\/wp-json\/wp\/v2\/media?parent=34216"}],"wp:term":[{"taxonomy":"category","embeddable":true,"href":"https:\/\/goladinha.eu\/blog\/wp-json\/wp\/v2\/categories?post=34216"},{"taxonomy":"post_tag","embeddable":true,"href":"https:\/\/goladinha.eu\/blog\/wp-json\/wp\/v2\/tags?post=34216"}],"curies":[{"name":"wp","href":"https:\/\/api.w.org\/{rel}","templated":true}]}}