{"id":31529,"date":"2025-03-21T20:51:56","date_gmt":"2025-03-21T20:51:56","guid":{"rendered":"https:\/\/goladinha.eu\/blog\/?p=31529"},"modified":"2025-03-22T21:14:35","modified_gmt":"2025-03-22T21:14:35","slug":"stadtwald-sturmschaeden","status":"publish","type":"post","link":"https:\/\/goladinha.eu\/blog\/2025\/03\/21\/stadtwald-sturmschaeden\/","title":{"rendered":"Stadtwald &#8211; Sturmsch\u00e4den"},"content":{"rendered":"<p><strong>Sexta 21 de Mar\u00e7o<\/strong> 2025 \u2013 nachts<strong> \u2193\u21918 <\/strong>Grad (24) &#8211; <span style=\"color: #0000ff;\">15 mm Regen<\/span><br \/>\ntags <strong>\u219312 <\/strong>Grad \u2013 <span style=\"color: #808080;\">Bew\u00f6lkung\u00a0<\/span> \u2013<span style=\"color: #0000ff;\">15 mm Regen<\/span> \u2013 (<span style=\"color: #3366ff;\"><strong>1211<\/strong>)<\/span> 25-66 km\/h \u2013 <strong>S<\/strong>-SW-W<\/p>\n<p>Bei extremer Sturmwarnung sollte man bekanntlich auf Waldspazierg\u00e4nge verzichten &#8211; heute war nach dem Sturm, obwohl der Wind noch kr\u00e4ftig wehte.\u00a0 In einer Regenpause wagten wir einen Spaziergang.<\/p>\n<div id=\"attachment_31532\" style=\"width: 510px\" class=\"wp-caption alignnone\"><a href=\"https:\/\/goladinha.eu\/blog\/wp-content\/files\/2025\/03\/fdv_stadtwald_2_210325.jpg\" target=\"_blank\" rel=\"noopener\"><img loading=\"lazy\" decoding=\"async\" aria-describedby=\"caption-attachment-31532\" class=\"wp-image-31532 size-medium\" src=\"https:\/\/goladinha.eu\/blog\/wp-content\/files\/2025\/03\/fdv_stadtwald_2_210325-500x666.jpg\" alt=\"Figueiro dos Vinhos, Stadtwald, Sturm, B\u00e4ume entwurzelt, Malaica, Goladinha, Portugal\" width=\"500\" height=\"666\" srcset=\"https:\/\/goladinha.eu\/blog\/wp-content\/files\/2025\/03\/fdv_stadtwald_2_210325-500x666.jpg 500w, https:\/\/goladinha.eu\/blog\/wp-content\/files\/2025\/03\/fdv_stadtwald_2_210325-991x1320.jpg 991w, https:\/\/goladinha.eu\/blog\/wp-content\/files\/2025\/03\/fdv_stadtwald_2_210325-768x1023.jpg 768w, https:\/\/goladinha.eu\/blog\/wp-content\/files\/2025\/03\/fdv_stadtwald_2_210325-1154x1536.jpg 1154w, https:\/\/goladinha.eu\/blog\/wp-content\/files\/2025\/03\/fdv_stadtwald_2_210325.jpg 1538w\" sizes=\"auto, (max-width: 500px) 100vw, 500px\" \/><\/a><p id=\"caption-attachment-31532\" class=\"wp-caption-text\">Im Stadtwald von Figueiro dos Vinhos hat der Sturm deutliche Spuren hinterlassen &#8211; viele Pinien wurden vom gestrigen Sturm entwurzelt.<\/p><\/div>\n<div id=\"attachment_31534\" style=\"width: 510px\" class=\"wp-caption alignnone\"><a href=\"https:\/\/goladinha.eu\/blog\/wp-content\/files\/2025\/03\/fdv_sturm_stadtwald_210325.jpg\" target=\"_blank\" rel=\"noopener\"><img loading=\"lazy\" decoding=\"async\" aria-describedby=\"caption-attachment-31534\" class=\"wp-image-31534 size-medium\" src=\"https:\/\/goladinha.eu\/blog\/wp-content\/files\/2025\/03\/fdv_sturm_stadtwald_210325-500x666.jpg\" alt=\"Figueiro dos Vinhos, Stadtwald, Sturm, B\u00e4ume entwurzelt, Malaica, Goladinha, Portugal\" width=\"500\" height=\"666\" srcset=\"https:\/\/goladinha.eu\/blog\/wp-content\/files\/2025\/03\/fdv_sturm_stadtwald_210325-500x666.jpg 500w, https:\/\/goladinha.eu\/blog\/wp-content\/files\/2025\/03\/fdv_sturm_stadtwald_210325-991x1320.jpg 991w, https:\/\/goladinha.eu\/blog\/wp-content\/files\/2025\/03\/fdv_sturm_stadtwald_210325-768x1023.jpg 768w, https:\/\/goladinha.eu\/blog\/wp-content\/files\/2025\/03\/fdv_sturm_stadtwald_210325-1154x1536.jpg 1154w, https:\/\/goladinha.eu\/blog\/wp-content\/files\/2025\/03\/fdv_sturm_stadtwald_210325.jpg 1538w\" sizes=\"auto, (max-width: 500px) 100vw, 500px\" \/><\/a><p id=\"caption-attachment-31534\" class=\"wp-caption-text\">Leider hat es auch eine stattliche Korkeiche erwischt.<\/p><\/div>\n<div id=\"attachment_31533\" style=\"width: 510px\" class=\"wp-caption alignnone\"><a href=\"https:\/\/goladinha.eu\/blog\/wp-content\/files\/2025\/03\/fdv_stadtwald_1_210325.jpg\" target=\"_blank\" rel=\"noopener\"><img loading=\"lazy\" decoding=\"async\" aria-describedby=\"caption-attachment-31533\" class=\"wp-image-31533 size-medium\" src=\"https:\/\/goladinha.eu\/blog\/wp-content\/files\/2025\/03\/fdv_stadtwald_1_210325-500x375.jpg\" alt=\"Figueiro dos Vinhos, Stadtwald, Sturm, B\u00e4ume entwurzelt, Malaica, Goladinha, Portugal\" width=\"500\" height=\"375\" srcset=\"https:\/\/goladinha.eu\/blog\/wp-content\/files\/2025\/03\/fdv_stadtwald_1_210325-500x375.jpg 500w, https:\/\/goladinha.eu\/blog\/wp-content\/files\/2025\/03\/fdv_stadtwald_1_210325-1758x1320.jpg 1758w, https:\/\/goladinha.eu\/blog\/wp-content\/files\/2025\/03\/fdv_stadtwald_1_210325-768x577.jpg 768w, https:\/\/goladinha.eu\/blog\/wp-content\/files\/2025\/03\/fdv_stadtwald_1_210325-1536x1154.jpg 1536w, https:\/\/goladinha.eu\/blog\/wp-content\/files\/2025\/03\/fdv_stadtwald_1_210325.jpg 2048w\" sizes=\"auto, (max-width: 500px) 100vw, 500px\" \/><\/a><p id=\"caption-attachment-31533\" class=\"wp-caption-text\">Malaica indessen interessierte sich f\u00fcr die Sturmsch\u00e4den kein bisschen &#8211; sie f\u00fchlte sich wohl in einer gro\u00dfen Regenpf\u00fctze, nahm ein ausgiebiges Pfotenbad und g\u00f6nnte sich ein paar Schlucke des mineralhaltigen Regenwassers.<\/p><\/div>\n","protected":false},"excerpt":{"rendered":"<p>Sexta 21 de Mar\u00e7o 2025 \u2013 nachts \u2193\u21918 Grad (24) &#8211; 15 mm Regen tags \u219312 Grad \u2013 Bew\u00f6lkung\u00a0 \u201315 mm Regen \u2013 (1211) 25-66 km\/h \u2013 S-SW-W Bei extremer Sturmwarnung sollte man bekanntlich auf Waldspazierg\u00e4nge verzichten &#8211; heute war nach dem Sturm, obwohl der Wind noch kr\u00e4ftig wehte.\u00a0 In einer Regenpause wagten wir einen [&hellip;]<\/p>\n","protected":false},"author":1,"featured_media":0,"comment_status":"open","ping_status":"closed","sticky":false,"template":"","format":"standard","meta":{"footnotes":""},"categories":[10],"tags":[],"class_list":["post-31529","post","type-post","status-publish","format-standard","hentry","category-allgemein"],"_links":{"self":[{"href":"https:\/\/goladinha.eu\/blog\/wp-json\/wp\/v2\/posts\/31529","targetHints":{"allow":["GET"]}}],"collection":[{"href":"https:\/\/goladinha.eu\/blog\/wp-json\/wp\/v2\/posts"}],"about":[{"href":"https:\/\/goladinha.eu\/blog\/wp-json\/wp\/v2\/types\/post"}],"author":[{"embeddable":true,"href":"https:\/\/goladinha.eu\/blog\/wp-json\/wp\/v2\/users\/1"}],"replies":[{"embeddable":true,"href":"https:\/\/goladinha.eu\/blog\/wp-json\/wp\/v2\/comments?post=31529"}],"version-history":[{"count":7,"href":"https:\/\/goladinha.eu\/blog\/wp-json\/wp\/v2\/posts\/31529\/revisions"}],"predecessor-version":[{"id":31545,"href":"https:\/\/goladinha.eu\/blog\/wp-json\/wp\/v2\/posts\/31529\/revisions\/31545"}],"wp:attachment":[{"href":"https:\/\/goladinha.eu\/blog\/wp-json\/wp\/v2\/media?parent=31529"}],"wp:term":[{"taxonomy":"category","embeddable":true,"href":"https:\/\/goladinha.eu\/blog\/wp-json\/wp\/v2\/categories?post=31529"},{"taxonomy":"post_tag","embeddable":true,"href":"https:\/\/goladinha.eu\/blog\/wp-json\/wp\/v2\/tags?post=31529"}],"curies":[{"name":"wp","href":"https:\/\/api.w.org\/{rel}","templated":true}]}}