{"id":31421,"date":"2025-03-08T22:03:42","date_gmt":"2025-03-08T22:03:42","guid":{"rendered":"https:\/\/goladinha.eu\/blog\/?p=31421"},"modified":"2025-03-09T06:49:52","modified_gmt":"2025-03-09T06:49:52","slug":"gruene-insel","status":"publish","type":"post","link":"https:\/\/goladinha.eu\/blog\/2025\/03\/08\/gruene-insel\/","title":{"rendered":"Gr\u00fcne Insel"},"content":{"rendered":"<p><strong>Sabado 8 de Mar\u00e7o<\/strong> 2025 \u2013 nachts <strong>\u2193\u21916<\/strong> Grad (23) \u2013 <span style=\"color: #0000ff;\">7 mm Regen<\/span><br \/>\ntags <strong>\u219310 <\/strong>Grad \u2013 <span style=\"color: #808080;\">Bew\u00f6lkung<\/span> \u2013 <span style=\"color: #0000ff;\">11 mm Regen<\/span> \u2013 <span style=\"color: #ff6600;\">Sonne<\/span> \u2013 (<span style=\"color: #3366ff;\">1058<\/span>) 32-<span style=\"color: #ff0000;\">77<\/span> km\/h \u2013 <strong>S<\/strong>-SW-SO-O<\/p>\n<p>Am Fusse des Nordhangs der Serra Espinhal liegt ein kleines St\u00e4dtchen, das wir auf dem Weg nach Coimbra durchqueren. Heute bot sich uns bei der Durchfahrt ein seltsames Bild. Mitten in einer frisch gepfl\u00fcgten Wiese eine gr\u00fcne Insel und darauf ein einsames Schaf &#8211; ao wie ein Eisb\u00e4r auf einer Eisscholle. Am Rand des Feldes standen weitere Schafe, die etwas verwirrt wirkten.<\/p>\n<div id=\"attachment_31424\" style=\"width: 510px\" class=\"wp-caption alignnone\"><a href=\"https:\/\/goladinha.eu\/blog\/wp-content\/files\/2025\/03\/schaf_espinhal_080325.jpg\" target=\"_blank\" rel=\"noopener\"><img loading=\"lazy\" decoding=\"async\" aria-describedby=\"caption-attachment-31424\" class=\"wp-image-31424 size-medium\" src=\"https:\/\/goladinha.eu\/blog\/wp-content\/files\/2025\/03\/schaf_espinhal_080325-500x375.jpg\" alt=\"Schaf, Acker, Insel, Espinhal, Portugal, Goladinha\" width=\"500\" height=\"375\" srcset=\"https:\/\/goladinha.eu\/blog\/wp-content\/files\/2025\/03\/schaf_espinhal_080325-500x375.jpg 500w, https:\/\/goladinha.eu\/blog\/wp-content\/files\/2025\/03\/schaf_espinhal_080325-1758x1320.jpg 1758w, https:\/\/goladinha.eu\/blog\/wp-content\/files\/2025\/03\/schaf_espinhal_080325-768x577.jpg 768w, https:\/\/goladinha.eu\/blog\/wp-content\/files\/2025\/03\/schaf_espinhal_080325-1536x1154.jpg 1536w, https:\/\/goladinha.eu\/blog\/wp-content\/files\/2025\/03\/schaf_espinhal_080325.jpg 2048w\" sizes=\"auto, (max-width: 500px) 100vw, 500px\" \/><\/a><p id=\"caption-attachment-31424\" class=\"wp-caption-text\">In der Mitte der Wiese wurde nicht geackert weil sich dort ein Brunnen befindet.<\/p><\/div>\n<div id=\"attachment_31427\" style=\"width: 510px\" class=\"wp-caption alignnone\"><a href=\"https:\/\/goladinha.eu\/blog\/wp-content\/files\/2025\/03\/schaf__espinhal_080325.jpg\" target=\"_blank\" rel=\"noopener\"><img loading=\"lazy\" decoding=\"async\" aria-describedby=\"caption-attachment-31427\" class=\"wp-image-31427 size-medium\" src=\"https:\/\/goladinha.eu\/blog\/wp-content\/files\/2025\/03\/schaf__espinhal_080325-500x279.jpg\" alt=\"Schaf, Acker, Insel, Espinhal, Portugal, Goladinha\" width=\"500\" height=\"279\" srcset=\"https:\/\/goladinha.eu\/blog\/wp-content\/files\/2025\/03\/schaf__espinhal_080325-500x279.jpg 500w, https:\/\/goladinha.eu\/blog\/wp-content\/files\/2025\/03\/schaf__espinhal_080325-768x428.jpg 768w, https:\/\/goladinha.eu\/blog\/wp-content\/files\/2025\/03\/schaf__espinhal_080325.jpg 894w\" sizes=\"auto, (max-width: 500px) 100vw, 500px\" \/><\/a><p id=\"caption-attachment-31427\" class=\"wp-caption-text\">Auf der Satellitenaufnahme ist die Wiese (Bildmitte: dunkelgr\u00fcne Fl\u00e4che)\u00a0 noch zu erkennen. Genau in der Mitte liegt die ungeackerte &#8222;Insel&#8220;.<\/p><\/div>\n<p><a href=\"https:\/\/goladinha.eu\/blog\/wp-content\/files\/2025\/03\/schafe_espinhal_080325.jpg\" target=\"_blank\" rel=\"noopener\"><img loading=\"lazy\" decoding=\"async\" class=\"alignnone wp-image-31431 size-medium\" src=\"https:\/\/goladinha.eu\/blog\/wp-content\/files\/2025\/03\/schafe_espinhal_080325-500x375.jpg\" alt=\"Schaf, Acker, Insel, Espinhal, Portugal, Goladinha\" width=\"500\" height=\"375\" srcset=\"https:\/\/goladinha.eu\/blog\/wp-content\/files\/2025\/03\/schafe_espinhal_080325-500x375.jpg 500w, https:\/\/goladinha.eu\/blog\/wp-content\/files\/2025\/03\/schafe_espinhal_080325-1758x1320.jpg 1758w, https:\/\/goladinha.eu\/blog\/wp-content\/files\/2025\/03\/schafe_espinhal_080325-768x577.jpg 768w, https:\/\/goladinha.eu\/blog\/wp-content\/files\/2025\/03\/schafe_espinhal_080325-1536x1154.jpg 1536w, https:\/\/goladinha.eu\/blog\/wp-content\/files\/2025\/03\/schafe_espinhal_080325.jpg 2048w\" sizes=\"auto, (max-width: 500px) 100vw, 500px\" \/><\/a><\/p>\n","protected":false},"excerpt":{"rendered":"<p>Sabado 8 de Mar\u00e7o 2025 \u2013 nachts \u2193\u21916 Grad (23) \u2013 7 mm Regen tags \u219310 Grad \u2013 Bew\u00f6lkung \u2013 11 mm Regen \u2013 Sonne \u2013 (1058) 32-77 km\/h \u2013 S-SW-SO-O Am Fusse des Nordhangs der Serra Espinhal liegt ein kleines St\u00e4dtchen, das wir auf dem Weg nach Coimbra durchqueren. Heute bot sich uns bei [&hellip;]<\/p>\n","protected":false},"author":1,"featured_media":0,"comment_status":"open","ping_status":"closed","sticky":false,"template":"","format":"standard","meta":{"footnotes":""},"categories":[10],"tags":[],"class_list":["post-31421","post","type-post","status-publish","format-standard","hentry","category-allgemein"],"_links":{"self":[{"href":"https:\/\/goladinha.eu\/blog\/wp-json\/wp\/v2\/posts\/31421","targetHints":{"allow":["GET"]}}],"collection":[{"href":"https:\/\/goladinha.eu\/blog\/wp-json\/wp\/v2\/posts"}],"about":[{"href":"https:\/\/goladinha.eu\/blog\/wp-json\/wp\/v2\/types\/post"}],"author":[{"embeddable":true,"href":"https:\/\/goladinha.eu\/blog\/wp-json\/wp\/v2\/users\/1"}],"replies":[{"embeddable":true,"href":"https:\/\/goladinha.eu\/blog\/wp-json\/wp\/v2\/comments?post=31421"}],"version-history":[{"count":8,"href":"https:\/\/goladinha.eu\/blog\/wp-json\/wp\/v2\/posts\/31421\/revisions"}],"predecessor-version":[{"id":31434,"href":"https:\/\/goladinha.eu\/blog\/wp-json\/wp\/v2\/posts\/31421\/revisions\/31434"}],"wp:attachment":[{"href":"https:\/\/goladinha.eu\/blog\/wp-json\/wp\/v2\/media?parent=31421"}],"wp:term":[{"taxonomy":"category","embeddable":true,"href":"https:\/\/goladinha.eu\/blog\/wp-json\/wp\/v2\/categories?post=31421"},{"taxonomy":"post_tag","embeddable":true,"href":"https:\/\/goladinha.eu\/blog\/wp-json\/wp\/v2\/tags?post=31421"}],"curies":[{"name":"wp","href":"https:\/\/api.w.org\/{rel}","templated":true}]}}