{"id":30954,"date":"2025-01-11T18:52:45","date_gmt":"2025-01-11T18:52:45","guid":{"rendered":"https:\/\/goladinha.eu\/blog\/?p=30954"},"modified":"2025-01-11T18:52:45","modified_gmt":"2025-01-11T18:52:45","slug":"gruen-und-duftend","status":"publish","type":"post","link":"https:\/\/goladinha.eu\/blog\/2025\/01\/11\/gruen-und-duftend\/","title":{"rendered":"gr\u00fcn und duftend"},"content":{"rendered":"<p><strong>Sabado 11 de Janeiro <\/strong>2025 \u2013 nachts\u00a0<strong>\u219312 <\/strong>Grad (14)<br \/>\ntags<strong> \u219115 <\/strong>Grad \u2013 <span style=\"color: #ff6600;\">Sonne<\/span> und <strong><span style=\"color: #999999;\">Bew\u00f6lkung<\/span> &#8211;<\/strong><span style=\"color: #0000ff;\"> 2 mm Nieselregen<\/span> \u2013 (<span style=\"color: #3366ff;\">568<\/span>) \u2013 10-28 km\/h\u2013 NW<\/p>\n<p>Wer zu dieser Jahreszeit aus Mitteleuropa nach Portugal kommt, freut sich \u00fcber die gr\u00fcne Landschaft. Es gibt viele Str\u00e4ucher und Laubb\u00e4ume, die auch im Winter ihre Bl\u00e4tter behalten &#8211; die Wiesen, die im Sommer durch die Hitze oft gelb werden, sind im Herbst und Winter saftig gr\u00fcn.<br \/>\nZu diesem optischen Sinneserlebnis gesellt sich ein olfaktorisches &#8211; es duftet intensiv! Vor allem die Bl\u00e4tter des Eukalyptusbaumes verbreiten einen intensiven und angenehmen Duft.<\/p>\n<div id=\"attachment_30958\" style=\"width: 477px\" class=\"wp-caption alignnone\"><a href=\"https:\/\/goladinha.eu\/blog\/wp-content\/files\/2025\/01\/spaziergang_eukaduft_110125.jpg\" target=\"_blank\" rel=\"noopener\"><img loading=\"lazy\" decoding=\"async\" aria-describedby=\"caption-attachment-30958\" class=\"wp-image-30958 size-medium\" src=\"https:\/\/goladinha.eu\/blog\/wp-content\/files\/2025\/01\/spaziergang_eukaduft_110125-467x700.jpg\" alt=\"Spaziergang, Eukaduft, Aldeia Fundeira, Goladinha, Portugal\" width=\"467\" height=\"700\" srcset=\"https:\/\/goladinha.eu\/blog\/wp-content\/files\/2025\/01\/spaziergang_eukaduft_110125-467x700.jpg 467w, https:\/\/goladinha.eu\/blog\/wp-content\/files\/2025\/01\/spaziergang_eukaduft_110125-880x1320.jpg 880w, https:\/\/goladinha.eu\/blog\/wp-content\/files\/2025\/01\/spaziergang_eukaduft_110125-768x1152.jpg 768w, https:\/\/goladinha.eu\/blog\/wp-content\/files\/2025\/01\/spaziergang_eukaduft_110125-1024x1536.jpg 1024w, https:\/\/goladinha.eu\/blog\/wp-content\/files\/2025\/01\/spaziergang_eukaduft_110125.jpg 1200w\" sizes=\"auto, (max-width: 467px) 100vw, 467px\" \/><\/a><p id=\"caption-attachment-30958\" class=\"wp-caption-text\">Spaziergang in Aldeia Fundeira<\/p><\/div>\n","protected":false},"excerpt":{"rendered":"<p>Sabado 11 de Janeiro 2025 \u2013 nachts\u00a0\u219312 Grad (14) tags \u219115 Grad \u2013 Sonne und Bew\u00f6lkung &#8211; 2 mm Nieselregen \u2013 (568) \u2013 10-28 km\/h\u2013 NW Wer zu dieser Jahreszeit aus Mitteleuropa nach Portugal kommt, freut sich \u00fcber die gr\u00fcne Landschaft. Es gibt viele Str\u00e4ucher und Laubb\u00e4ume, die auch im Winter ihre Bl\u00e4tter behalten &#8211; [&hellip;]<\/p>\n","protected":false},"author":1,"featured_media":0,"comment_status":"open","ping_status":"closed","sticky":false,"template":"","format":"standard","meta":{"footnotes":""},"categories":[10],"tags":[],"class_list":["post-30954","post","type-post","status-publish","format-standard","hentry","category-allgemein"],"_links":{"self":[{"href":"https:\/\/goladinha.eu\/blog\/wp-json\/wp\/v2\/posts\/30954","targetHints":{"allow":["GET"]}}],"collection":[{"href":"https:\/\/goladinha.eu\/blog\/wp-json\/wp\/v2\/posts"}],"about":[{"href":"https:\/\/goladinha.eu\/blog\/wp-json\/wp\/v2\/types\/post"}],"author":[{"embeddable":true,"href":"https:\/\/goladinha.eu\/blog\/wp-json\/wp\/v2\/users\/1"}],"replies":[{"embeddable":true,"href":"https:\/\/goladinha.eu\/blog\/wp-json\/wp\/v2\/comments?post=30954"}],"version-history":[{"count":3,"href":"https:\/\/goladinha.eu\/blog\/wp-json\/wp\/v2\/posts\/30954\/revisions"}],"predecessor-version":[{"id":30960,"href":"https:\/\/goladinha.eu\/blog\/wp-json\/wp\/v2\/posts\/30954\/revisions\/30960"}],"wp:attachment":[{"href":"https:\/\/goladinha.eu\/blog\/wp-json\/wp\/v2\/media?parent=30954"}],"wp:term":[{"taxonomy":"category","embeddable":true,"href":"https:\/\/goladinha.eu\/blog\/wp-json\/wp\/v2\/categories?post=30954"},{"taxonomy":"post_tag","embeddable":true,"href":"https:\/\/goladinha.eu\/blog\/wp-json\/wp\/v2\/tags?post=30954"}],"curies":[{"name":"wp","href":"https:\/\/api.w.org\/{rel}","templated":true}]}}