{"id":30337,"date":"2024-10-28T21:13:36","date_gmt":"2024-10-28T21:13:36","guid":{"rendered":"https:\/\/goladinha.eu\/blog\/?p=30337"},"modified":"2024-10-28T21:22:30","modified_gmt":"2024-10-28T21:22:30","slug":"licht-und-gegenlicht","status":"publish","type":"post","link":"https:\/\/goladinha.eu\/blog\/2024\/10\/28\/licht-und-gegenlicht\/","title":{"rendered":"Licht und Gegenlicht"},"content":{"rendered":"<p><strong>Segunda 28 de Outubro<\/strong> 2024 \u2013 nachts <strong>\u2193\u21915<\/strong> Grad<br \/>\ntags\u00a0<strong>\u219117 <\/strong>Grad \u2013 <span style=\"color: #ff6600;\">Sonne<\/span> \u2013 <span style=\"color: #808080;\">Bew\u00f6lkung\u00a0<\/span> (310)\u2013 23-49 Km\/h <strong>O<\/strong>-NO-N<\/p>\n<p>Tagt\u00e4glich ist in den Medien die Rede von &#8222;Der gespaltenen Gesellschaft&#8220; &#8211; gibt es sie wirklich?<br \/>\nIn den USA hat man schon zunehmend den Eindruck als g\u00e4be es sie dort &#8211; vor allem jetzt im Wahlkampf um die Pr\u00e4sidentschaft wird das eindr\u00fccklich deutlich. Im WWW und dort speziell in den Sozialen Medien ist es Gruppen jeglicher couleur &#8211; also auch (radikalen) Randgruppen &#8211;\u00a0 m\u00f6glich geworden sich fl\u00e4chendeckend zu vernetzen und ihre Ideologien zu verbreiten &#8211; Gegens\u00e4tze werden dadurch einem breiten Publikum in Echtzeit erfahrbar gemacht.<\/p>\n<p>Eine unserer Palmlilien\/Yucca zeigt sich wieder im herbstlichen Bl\u00fctenkleid. <strong>Aus zwei Perspektiven betrachtet.<\/strong><\/p>\n<div id=\"attachment_30340\" style=\"width: 510px\" class=\"wp-caption alignnone\"><a href=\"https:\/\/goladinha.eu\/blog\/wp-content\/files\/2024\/10\/yucca_blueht2_281024.jpg\" target=\"_blank\" rel=\"noopener\"><img loading=\"lazy\" decoding=\"async\" aria-describedby=\"caption-attachment-30340\" class=\"wp-image-30340 size-medium\" src=\"https:\/\/goladinha.eu\/blog\/wp-content\/files\/2024\/10\/yucca_blueht2_281024-500x666.jpg\" alt=\"Palmlilie, Yucca, bl\u00fcht, Goladinha, Portugal\" width=\"500\" height=\"666\" srcset=\"https:\/\/goladinha.eu\/blog\/wp-content\/files\/2024\/10\/yucca_blueht2_281024-500x666.jpg 500w, https:\/\/goladinha.eu\/blog\/wp-content\/files\/2024\/10\/yucca_blueht2_281024-991x1320.jpg 991w, https:\/\/goladinha.eu\/blog\/wp-content\/files\/2024\/10\/yucca_blueht2_281024-768x1023.jpg 768w, https:\/\/goladinha.eu\/blog\/wp-content\/files\/2024\/10\/yucca_blueht2_281024-1154x1536.jpg 1154w, https:\/\/goladinha.eu\/blog\/wp-content\/files\/2024\/10\/yucca_blueht2_281024.jpg 1538w\" sizes=\"auto, (max-width: 500px) 100vw, 500px\" \/><\/a><p id=\"caption-attachment-30340\" class=\"wp-caption-text\"><strong>Im Licht<\/strong><\/p><\/div>\n<div id=\"attachment_30339\" style=\"width: 510px\" class=\"wp-caption alignnone\"><a href=\"https:\/\/goladinha.eu\/blog\/wp-content\/files\/2024\/10\/yucca_blueht1_281024.jpg\" target=\"_blank\" rel=\"noopener\"><img loading=\"lazy\" decoding=\"async\" aria-describedby=\"caption-attachment-30339\" class=\"wp-image-30339 size-medium\" src=\"https:\/\/goladinha.eu\/blog\/wp-content\/files\/2024\/10\/yucca_blueht1_281024-500x666.jpg\" alt=\"Palmlilie, Yucca, bl\u00fcht, Goladinha, Portugal\" width=\"500\" height=\"666\" srcset=\"https:\/\/goladinha.eu\/blog\/wp-content\/files\/2024\/10\/yucca_blueht1_281024-500x666.jpg 500w, https:\/\/goladinha.eu\/blog\/wp-content\/files\/2024\/10\/yucca_blueht1_281024-991x1320.jpg 991w, https:\/\/goladinha.eu\/blog\/wp-content\/files\/2024\/10\/yucca_blueht1_281024-768x1023.jpg 768w, https:\/\/goladinha.eu\/blog\/wp-content\/files\/2024\/10\/yucca_blueht1_281024-1154x1536.jpg 1154w, https:\/\/goladinha.eu\/blog\/wp-content\/files\/2024\/10\/yucca_blueht1_281024.jpg 1538w\" sizes=\"auto, (max-width: 500px) 100vw, 500px\" \/><\/a><p id=\"caption-attachment-30339\" class=\"wp-caption-text\"><strong>und im Gegenlicht<\/strong> &#8211; ein und der <strong>selben Pflanze<\/strong>. Das wird oft von denen die spalten \u00fcbersehen &#8211; <strong>es gibt zwei Seiten ein und derselben Medaille.<\/strong><\/p><\/div>\n","protected":false},"excerpt":{"rendered":"<p>Segunda 28 de Outubro 2024 \u2013 nachts \u2193\u21915 Grad tags\u00a0\u219117 Grad \u2013 Sonne \u2013 Bew\u00f6lkung\u00a0 (310)\u2013 23-49 Km\/h O-NO-N Tagt\u00e4glich ist in den Medien die Rede von &#8222;Der gespaltenen Gesellschaft&#8220; &#8211; gibt es sie wirklich? In den USA hat man schon zunehmend den Eindruck als g\u00e4be es sie dort &#8211; vor allem jetzt im Wahlkampf [&hellip;]<\/p>\n","protected":false},"author":1,"featured_media":0,"comment_status":"open","ping_status":"closed","sticky":false,"template":"","format":"standard","meta":{"footnotes":""},"categories":[10],"tags":[],"class_list":["post-30337","post","type-post","status-publish","format-standard","hentry","category-allgemein"],"_links":{"self":[{"href":"https:\/\/goladinha.eu\/blog\/wp-json\/wp\/v2\/posts\/30337","targetHints":{"allow":["GET"]}}],"collection":[{"href":"https:\/\/goladinha.eu\/blog\/wp-json\/wp\/v2\/posts"}],"about":[{"href":"https:\/\/goladinha.eu\/blog\/wp-json\/wp\/v2\/types\/post"}],"author":[{"embeddable":true,"href":"https:\/\/goladinha.eu\/blog\/wp-json\/wp\/v2\/users\/1"}],"replies":[{"embeddable":true,"href":"https:\/\/goladinha.eu\/blog\/wp-json\/wp\/v2\/comments?post=30337"}],"version-history":[{"count":7,"href":"https:\/\/goladinha.eu\/blog\/wp-json\/wp\/v2\/posts\/30337\/revisions"}],"predecessor-version":[{"id":30346,"href":"https:\/\/goladinha.eu\/blog\/wp-json\/wp\/v2\/posts\/30337\/revisions\/30346"}],"wp:attachment":[{"href":"https:\/\/goladinha.eu\/blog\/wp-json\/wp\/v2\/media?parent=30337"}],"wp:term":[{"taxonomy":"category","embeddable":true,"href":"https:\/\/goladinha.eu\/blog\/wp-json\/wp\/v2\/categories?post=30337"},{"taxonomy":"post_tag","embeddable":true,"href":"https:\/\/goladinha.eu\/blog\/wp-json\/wp\/v2\/tags?post=30337"}],"curies":[{"name":"wp","href":"https:\/\/api.w.org\/{rel}","templated":true}]}}