{"id":30028,"date":"2024-09-26T22:05:19","date_gmt":"2024-09-26T21:05:19","guid":{"rendered":"https:\/\/goladinha.eu\/blog\/?p=30028"},"modified":"2024-09-26T22:07:19","modified_gmt":"2024-09-26T21:07:19","slug":"mimosen-bergen","status":"publish","type":"post","link":"https:\/\/goladinha.eu\/blog\/2024\/09\/26\/mimosen-bergen\/","title":{"rendered":"Mimosen bergen"},"content":{"rendered":"<p>Quinta <strong>26 de Setembro <\/strong>2024 \u2013 nachts <strong>\u2191\u219317 \u2013 <\/strong><span style=\"color: #0000ff;\">11 mm Regen<\/span><br \/>\n<strong>tags \u2191\u219321 \u2013 <\/strong><strong><span style=\"color: #808080;\">Bew\u00f6lkung<\/span> \u2013<\/strong> <span style=\"color: #0000ff;\">6 mm Regen<\/span> \u2013 (<span style=\"color: #3366ff;\">42<\/span>) 24-52 Km\/h<strong>\u2013<\/strong>SW-<strong>W<\/strong>&#8211;<span style=\"color: #000000;\">NW<\/span><\/p>\n<p><a href=\"https:\/\/goladinha.eu\/blog\/2024\/09\/24\/faellaktion-im-bachbett-der-alge\/\" target=\"_blank\" rel=\"noopener\">Vor drei Tagen f\u00e4llten wir zahlreiche B\u00e4ume und B\u00fcsche<\/a> im Bachbett der Alge. Das Wasserniveau ist durch die ersten Regenf\u00e4lle in diesem Herbst um ca. 30 cm gestiegen.<\/p>\n<div id=\"attachment_30035\" style=\"width: 510px\" class=\"wp-caption alignnone\"><a href=\"https:\/\/goladinha.eu\/blog\/wp-content\/files\/2024\/09\/alge_mimos_bergen_260924.jpg\" target=\"_blank\" rel=\"noopener\"><img loading=\"lazy\" decoding=\"async\" aria-describedby=\"caption-attachment-30035\" class=\"wp-image-30035 size-medium\" src=\"https:\/\/goladinha.eu\/blog\/wp-content\/files\/2024\/09\/alge_mimos_bergen_260924-500x666.jpg\" alt=\"Alge, Pickup, Mimosen bergen, Goladinha, Portugal\" width=\"500\" height=\"666\" srcset=\"https:\/\/goladinha.eu\/blog\/wp-content\/files\/2024\/09\/alge_mimos_bergen_260924-500x666.jpg 500w, https:\/\/goladinha.eu\/blog\/wp-content\/files\/2024\/09\/alge_mimos_bergen_260924-991x1320.jpg 991w, https:\/\/goladinha.eu\/blog\/wp-content\/files\/2024\/09\/alge_mimos_bergen_260924-768x1023.jpg 768w, https:\/\/goladinha.eu\/blog\/wp-content\/files\/2024\/09\/alge_mimos_bergen_260924-1154x1536.jpg 1154w, https:\/\/goladinha.eu\/blog\/wp-content\/files\/2024\/09\/alge_mimos_bergen_260924.jpg 1538w\" sizes=\"auto, (max-width: 500px) 100vw, 500px\" \/><\/a><p id=\"caption-attachment-30035\" class=\"wp-caption-text\">Bevor das Wasser noch st\u00e4rker ansteigt haben wir die neun Mimosen, die im Wasser landeten, mit Seilen geborgen. Als Zugpferd hat sich das Pickup wieder bestens bew\u00e4hrt.<\/p><\/div>\n","protected":false},"excerpt":{"rendered":"<p>Quinta 26 de Setembro 2024 \u2013 nachts \u2191\u219317 \u2013 11 mm Regen tags \u2191\u219321 \u2013 Bew\u00f6lkung \u2013 6 mm Regen \u2013 (42) 24-52 Km\/h\u2013SW-W&#8211;NW Vor drei Tagen f\u00e4llten wir zahlreiche B\u00e4ume und B\u00fcsche im Bachbett der Alge. Das Wasserniveau ist durch die ersten Regenf\u00e4lle in diesem Herbst um ca. 30 cm gestiegen.<\/p>\n","protected":false},"author":1,"featured_media":0,"comment_status":"open","ping_status":"closed","sticky":false,"template":"","format":"standard","meta":{"footnotes":""},"categories":[10],"tags":[],"class_list":["post-30028","post","type-post","status-publish","format-standard","hentry","category-allgemein"],"_links":{"self":[{"href":"https:\/\/goladinha.eu\/blog\/wp-json\/wp\/v2\/posts\/30028","targetHints":{"allow":["GET"]}}],"collection":[{"href":"https:\/\/goladinha.eu\/blog\/wp-json\/wp\/v2\/posts"}],"about":[{"href":"https:\/\/goladinha.eu\/blog\/wp-json\/wp\/v2\/types\/post"}],"author":[{"embeddable":true,"href":"https:\/\/goladinha.eu\/blog\/wp-json\/wp\/v2\/users\/1"}],"replies":[{"embeddable":true,"href":"https:\/\/goladinha.eu\/blog\/wp-json\/wp\/v2\/comments?post=30028"}],"version-history":[{"count":5,"href":"https:\/\/goladinha.eu\/blog\/wp-json\/wp\/v2\/posts\/30028\/revisions"}],"predecessor-version":[{"id":30040,"href":"https:\/\/goladinha.eu\/blog\/wp-json\/wp\/v2\/posts\/30028\/revisions\/30040"}],"wp:attachment":[{"href":"https:\/\/goladinha.eu\/blog\/wp-json\/wp\/v2\/media?parent=30028"}],"wp:term":[{"taxonomy":"category","embeddable":true,"href":"https:\/\/goladinha.eu\/blog\/wp-json\/wp\/v2\/categories?post=30028"},{"taxonomy":"post_tag","embeddable":true,"href":"https:\/\/goladinha.eu\/blog\/wp-json\/wp\/v2\/tags?post=30028"}],"curies":[{"name":"wp","href":"https:\/\/api.w.org\/{rel}","templated":true}]}}