{"id":30023,"date":"2024-09-25T22:17:34","date_gmt":"2024-09-25T21:17:34","guid":{"rendered":"https:\/\/goladinha.eu\/blog\/?p=30023"},"modified":"2024-09-26T08:51:26","modified_gmt":"2024-09-26T07:51:26","slug":"beitrag-folgt-4","status":"publish","type":"post","link":"https:\/\/goladinha.eu\/blog\/2024\/09\/25\/beitrag-folgt-4\/","title":{"rendered":"Unwetterwarnung"},"content":{"rendered":"<p>Quarta <strong>24 de Setembro <\/strong>2024 \u2013 nachts <strong>\u2191\u219117 &#8211; <\/strong><span style=\"color: #0000ff;\">9 mm Regen<\/span><br \/>\n<strong>tags \u219121 \u2013 <\/strong><strong><span style=\"color: #808080;\">Bew\u00f6lkung<\/span> \u2013<\/strong> <span style=\"color: #0000ff;\">6 mm Regen<\/span> \u2013 (<span style=\"color: #3366ff;\">25<\/span>) 25-55 Km\/h<strong>\u2013<\/strong>SW<\/p>\n<p>F\u00fcr Morgen gibt es eine <span style=\"color: #ff0000;\"><strong>Unwetterwarnung <\/strong><\/span>f\u00fcr den Norden Portugals! <strong><span style=\"color: #0000ff;\">Starkregen<\/span> <\/strong>f\u00fcr Aveiro, Braga und weitere Gebiete. Wir im Zentrum sind lt Vorhersage nicht betroffen &#8211; Ausl\u00e4ufer des Geschehens k\u00f6nnen aber trotzdem unangenehm f\u00fcr uns werden.<\/p>\n<audio class=\"wp-audio-shortcode\" id=\"audio-30023-1\" preload=\"none\" style=\"width: 100%;\" controls=\"controls\"><source type=\"audio\/wav\" src=\"https:\/\/goladinha.eu\/blog\/wp-content\/files\/2024\/09\/aud_regen_250924.wav?_=1\" \/><a href=\"https:\/\/goladinha.eu\/blog\/wp-content\/files\/2024\/09\/aud_regen_250924.wav\">https:\/\/goladinha.eu\/blog\/wp-content\/files\/2024\/09\/aud_regen_250924.wav<\/a><\/audio>\n<p>&#x26a0;&#xfe0f; Starkregen, Gefahrenstufe ORANGE<br \/>\nPerioden mit anhaltendem und manchmal starkem Regen, insbesondere in Gebirgsregionen.<\/p>\n","protected":false},"excerpt":{"rendered":"<p>Quarta 24 de Setembro 2024 \u2013 nachts \u2191\u219117 &#8211; 9 mm Regen tags \u219121 \u2013 Bew\u00f6lkung \u2013 6 mm Regen \u2013 (25) 25-55 Km\/h\u2013SW F\u00fcr Morgen gibt es eine Unwetterwarnung f\u00fcr den Norden Portugals! Starkregen f\u00fcr Aveiro, Braga und weitere Gebiete. Wir im Zentrum sind lt Vorhersage nicht betroffen &#8211; Ausl\u00e4ufer des Geschehens k\u00f6nnen aber [&hellip;]<\/p>\n","protected":false},"author":1,"featured_media":0,"comment_status":"open","ping_status":"closed","sticky":false,"template":"","format":"standard","meta":{"footnotes":""},"categories":[10],"tags":[],"class_list":["post-30023","post","type-post","status-publish","format-standard","hentry","category-allgemein"],"_links":{"self":[{"href":"https:\/\/goladinha.eu\/blog\/wp-json\/wp\/v2\/posts\/30023","targetHints":{"allow":["GET"]}}],"collection":[{"href":"https:\/\/goladinha.eu\/blog\/wp-json\/wp\/v2\/posts"}],"about":[{"href":"https:\/\/goladinha.eu\/blog\/wp-json\/wp\/v2\/types\/post"}],"author":[{"embeddable":true,"href":"https:\/\/goladinha.eu\/blog\/wp-json\/wp\/v2\/users\/1"}],"replies":[{"embeddable":true,"href":"https:\/\/goladinha.eu\/blog\/wp-json\/wp\/v2\/comments?post=30023"}],"version-history":[{"count":8,"href":"https:\/\/goladinha.eu\/blog\/wp-json\/wp\/v2\/posts\/30023\/revisions"}],"predecessor-version":[{"id":30034,"href":"https:\/\/goladinha.eu\/blog\/wp-json\/wp\/v2\/posts\/30023\/revisions\/30034"}],"wp:attachment":[{"href":"https:\/\/goladinha.eu\/blog\/wp-json\/wp\/v2\/media?parent=30023"}],"wp:term":[{"taxonomy":"category","embeddable":true,"href":"https:\/\/goladinha.eu\/blog\/wp-json\/wp\/v2\/categories?post=30023"},{"taxonomy":"post_tag","embeddable":true,"href":"https:\/\/goladinha.eu\/blog\/wp-json\/wp\/v2\/tags?post=30023"}],"curies":[{"name":"wp","href":"https:\/\/api.w.org\/{rel}","templated":true}]}}