{"id":29982,"date":"2024-09-22T21:15:18","date_gmt":"2024-09-22T20:15:18","guid":{"rendered":"https:\/\/goladinha.eu\/blog\/?p=29982"},"modified":"2024-09-22T21:15:18","modified_gmt":"2024-09-22T20:15:18","slug":"der-wald-der-zukunft-landesweite-protestveranstaltungen","status":"publish","type":"post","link":"https:\/\/goladinha.eu\/blog\/2024\/09\/22\/der-wald-der-zukunft-landesweite-protestveranstaltungen\/","title":{"rendered":"DER WALD DER ZUKUNFT &#8211; landesweite Protestveranstaltungen"},"content":{"rendered":"<p>Domingo <strong>22 de Setembro <\/strong>2024 \u2013 nachts \u21938<br \/>\n<strong>tags \u219121 \u2013 <\/strong><span style=\"color: #ff6600;\">Sonne <\/span><strong>\u2013 <\/strong><span style=\"color: #999999;\">Bew\u00f6lkung<\/span> \u2013 (0) 17-38 Km\/h<strong>\u2013<\/strong>N-<strong>NW<\/strong><\/p>\n<p><em>Mehrere Gemeinden im ganzen Land sind Gastgeber dieser Protestes, wie Odemira, Coimbra, Vila Nova de Poiares, Melres, Vila Nova de Poiares, Sert\u00e3, Torres Novas, Gouveia, Lissabon, Arganil, Braga, Porto, Aveiro und Portalegre.&#8220;<\/em><strong><br \/>\nAnk\u00fcndigung der l<\/strong><strong>okalen <\/strong><strong>Veranstaltungen &#8211; Floresta do Futuro:<\/strong><br \/>\n<em><strong>&#8222;Castanheira de Pera<\/strong> und <strong>Pedr\u00f3g\u00e3o Grande<\/strong> sind zwei der Orte, an denen der Protest f\u00fcr den<strong> Wald der Zukunft<\/strong> (A.d.R. &#8211;<strong> ohne Eukalyptus<\/strong>) stattfinden wird, der von einer <strong>\u201eGruppe besorgter, wachsamer und aufmerksamer B\u00fcrger<\/strong>\u201c getragen wird, die erkannt haben, dass sich der gr\u00fcne Fleck des Landes ver\u00e4ndern muss.<\/em><br \/>\n<em>Jos\u00e9 Pais ist einer der Organisatoren der Demonstration im Norden des Bezirks, die sich am Sonntag, den 22. September, um 17 Uhr auf der Pra\u00e7a do F\u00f3rum Activo in Castanheira de Pera informieren m\u00f6chte.<\/em><br \/>\n<strong><em>Hauptziel der Demonstration ist es, das Bewusstsein der Bev\u00f6lkerung und der Beh\u00f6rden daf\u00fcr zu sch\u00e4rfen, dass sich der Wald \u201ezum Besseren ver\u00e4ndern muss\u201c und dass einheimische Arten auch eine wichtige Rolle in der Wirtschaft spielen k\u00f6nnen und eine bessere Kontrolle der Waldbr\u00e4nde erm\u00f6glichen.<\/em><\/strong><\/p>\n<div id=\"attachment_29990\" style=\"width: 510px\" class=\"wp-caption alignnone\"><a href=\"https:\/\/goladinha.eu\/blog\/wp-content\/files\/2024\/09\/floresta_demo1_220924.jpg\" target=\"_blank\" rel=\"noopener\"><img loading=\"lazy\" decoding=\"async\" aria-describedby=\"caption-attachment-29990\" class=\"wp-image-29990 size-medium\" src=\"https:\/\/goladinha.eu\/blog\/wp-content\/files\/2024\/09\/floresta_demo1_220924-500x361.jpg\" alt=\"Floresta do Futuro, Temos de Acordar, Castenheira de Pera, Goladinha, Portugal\" width=\"500\" height=\"361\" srcset=\"https:\/\/goladinha.eu\/blog\/wp-content\/files\/2024\/09\/floresta_demo1_220924-500x361.jpg 500w, https:\/\/goladinha.eu\/blog\/wp-content\/files\/2024\/09\/floresta_demo1_220924-1827x1320.jpg 1827w, https:\/\/goladinha.eu\/blog\/wp-content\/files\/2024\/09\/floresta_demo1_220924-768x555.jpg 768w, https:\/\/goladinha.eu\/blog\/wp-content\/files\/2024\/09\/floresta_demo1_220924-1536x1109.jpg 1536w, https:\/\/goladinha.eu\/blog\/wp-content\/files\/2024\/09\/floresta_demo1_220924.jpg 1869w\" sizes=\"auto, (max-width: 500px) 100vw, 500px\" \/><\/a><p id=\"caption-attachment-29990\" class=\"wp-caption-text\"><strong>Queremos floresta segura\u00a0 &#8211; <\/strong>Wir wollen einen sicheren Wald<\/p><\/div>\n<div id=\"attachment_29991\" style=\"width: 510px\" class=\"wp-caption alignnone\"><a href=\"https:\/\/goladinha.eu\/blog\/wp-content\/files\/2024\/09\/floresta_demo2_220924.jpg\" target=\"_blank\" rel=\"noopener\"><img loading=\"lazy\" decoding=\"async\" aria-describedby=\"caption-attachment-29991\" class=\"wp-image-29991 size-medium\" src=\"https:\/\/goladinha.eu\/blog\/wp-content\/files\/2024\/09\/floresta_demo2_220924-500x343.jpg\" alt=\"Floresta do Futuro, Temos de Acordar, Castenheira de Pera, Goladinha, Portugal\" width=\"500\" height=\"343\" srcset=\"https:\/\/goladinha.eu\/blog\/wp-content\/files\/2024\/09\/floresta_demo2_220924-500x343.jpg 500w, https:\/\/goladinha.eu\/blog\/wp-content\/files\/2024\/09\/floresta_demo2_220924-1920x1317.jpg 1920w, https:\/\/goladinha.eu\/blog\/wp-content\/files\/2024\/09\/floresta_demo2_220924-768x527.jpg 768w, https:\/\/goladinha.eu\/blog\/wp-content\/files\/2024\/09\/floresta_demo2_220924-1536x1054.jpg 1536w, https:\/\/goladinha.eu\/blog\/wp-content\/files\/2024\/09\/floresta_demo2_220924.jpg 2048w\" sizes=\"auto, (max-width: 500px) 100vw, 500px\" \/><\/a><p id=\"caption-attachment-29991\" class=\"wp-caption-text\"><strong>Informiert wurde<\/strong> \u00fcber den Istzustand des Waldes und <strong>\u00fcber Alternativen zu der vorherrschenden Monokultur &#8211; Eukalyptus.<\/strong><\/p><\/div>\n<div id=\"attachment_29992\" style=\"width: 510px\" class=\"wp-caption alignnone\"><a href=\"https:\/\/goladinha.eu\/blog\/wp-content\/files\/2024\/09\/floresta_demo3_220924.jpg\" target=\"_blank\" rel=\"noopener\"><img loading=\"lazy\" decoding=\"async\" aria-describedby=\"caption-attachment-29992\" class=\"wp-image-29992 size-medium\" src=\"https:\/\/goladinha.eu\/blog\/wp-content\/files\/2024\/09\/floresta_demo3_220924-500x350.jpg\" alt=\"Floresta do Futuro, Temos de Acordar, Castenheira de Pera, Goladinha, Portugal\" width=\"500\" height=\"350\" srcset=\"https:\/\/goladinha.eu\/blog\/wp-content\/files\/2024\/09\/floresta_demo3_220924-500x350.jpg 500w, https:\/\/goladinha.eu\/blog\/wp-content\/files\/2024\/09\/floresta_demo3_220924-1885x1320.jpg 1885w, https:\/\/goladinha.eu\/blog\/wp-content\/files\/2024\/09\/floresta_demo3_220924-768x538.jpg 768w, https:\/\/goladinha.eu\/blog\/wp-content\/files\/2024\/09\/floresta_demo3_220924-1536x1076.jpg 1536w, https:\/\/goladinha.eu\/blog\/wp-content\/files\/2024\/09\/floresta_demo3_220924.jpg 1902w\" sizes=\"auto, (max-width: 500px) 100vw, 500px\" \/><\/a><p id=\"caption-attachment-29992\" class=\"wp-caption-text\">Zu den 30 Teilnehmern gesellten sich nicht wenige Vertreter der Presse &#8211; durch einen Beitrag im Fernsehen werden die Anliegen der Bewegung in eine breitere \u00d6ffentlichkeit getragen.<\/p><\/div>\n","protected":false},"excerpt":{"rendered":"<p>Domingo 22 de Setembro 2024 \u2013 nachts \u21938 tags \u219121 \u2013 Sonne \u2013 Bew\u00f6lkung \u2013 (0) 17-38 Km\/h\u2013N-NW Mehrere Gemeinden im ganzen Land sind Gastgeber dieser Protestes, wie Odemira, Coimbra, Vila Nova de Poiares, Melres, Vila Nova de Poiares, Sert\u00e3, Torres Novas, Gouveia, Lissabon, Arganil, Braga, Porto, Aveiro und Portalegre.&#8220; Ank\u00fcndigung der lokalen Veranstaltungen &#8211; [&hellip;]<\/p>\n","protected":false},"author":1,"featured_media":0,"comment_status":"open","ping_status":"closed","sticky":false,"template":"","format":"standard","meta":{"footnotes":""},"categories":[10],"tags":[],"class_list":["post-29982","post","type-post","status-publish","format-standard","hentry","category-allgemein"],"_links":{"self":[{"href":"https:\/\/goladinha.eu\/blog\/wp-json\/wp\/v2\/posts\/29982","targetHints":{"allow":["GET"]}}],"collection":[{"href":"https:\/\/goladinha.eu\/blog\/wp-json\/wp\/v2\/posts"}],"about":[{"href":"https:\/\/goladinha.eu\/blog\/wp-json\/wp\/v2\/types\/post"}],"author":[{"embeddable":true,"href":"https:\/\/goladinha.eu\/blog\/wp-json\/wp\/v2\/users\/1"}],"replies":[{"embeddable":true,"href":"https:\/\/goladinha.eu\/blog\/wp-json\/wp\/v2\/comments?post=29982"}],"version-history":[{"count":7,"href":"https:\/\/goladinha.eu\/blog\/wp-json\/wp\/v2\/posts\/29982\/revisions"}],"predecessor-version":[{"id":29998,"href":"https:\/\/goladinha.eu\/blog\/wp-json\/wp\/v2\/posts\/29982\/revisions\/29998"}],"wp:attachment":[{"href":"https:\/\/goladinha.eu\/blog\/wp-json\/wp\/v2\/media?parent=29982"}],"wp:term":[{"taxonomy":"category","embeddable":true,"href":"https:\/\/goladinha.eu\/blog\/wp-json\/wp\/v2\/categories?post=29982"},{"taxonomy":"post_tag","embeddable":true,"href":"https:\/\/goladinha.eu\/blog\/wp-json\/wp\/v2\/tags?post=29982"}],"curies":[{"name":"wp","href":"https:\/\/api.w.org\/{rel}","templated":true}]}}