{"id":29980,"date":"2024-09-22T08:34:23","date_gmt":"2024-09-22T07:34:23","guid":{"rendered":"https:\/\/goladinha.eu\/blog\/?p=29980"},"modified":"2024-09-22T08:34:23","modified_gmt":"2024-09-22T07:34:23","slug":"die-grosse-weide","status":"publish","type":"post","link":"https:\/\/goladinha.eu\/blog\/2024\/09\/22\/die-grosse-weide\/","title":{"rendered":"Die grosse Weide"},"content":{"rendered":"<p>Sabado <strong>21 de Setembro <\/strong>2024 \u2013 nachts \u219312<br \/>\n<strong>tags \u219320 \u2013 <\/strong><span style=\"color: #ff6600;\">Sonne <\/span><strong>&#8211; <\/strong><strong><span style=\"color: #808080;\">Bew\u00f6lkung<\/span> <\/strong>\u2013 (0) 12-28 Km\/h<strong>\u2013<\/strong>SO-S-<strong>SW<\/strong>-W-NW-NO<strong><br \/>\n<\/strong><\/p>\n<p><a href=\"https:\/\/goladinha.eu\/blog\/2014\/05\/03\/3688\/\" target=\"_blank\" rel=\"noopener\">Der m\u00e4chtigste Baum in Goladinha<\/a> hat sich nach dem Brand von 2017 nie mehr richtig erholt. Nach dem Feuer hat er zwar neu ausgetrieben, die Krone wird aber jedes Jahr lichter.<\/p>\n<div id=\"attachment_29986\" style=\"width: 510px\" class=\"wp-caption alignnone\"><a href=\"https:\/\/goladinha.eu\/blog\/wp-content\/files\/2024\/09\/weide_duerr_210924.jpg\" target=\"_blank\" rel=\"noopener\"><img loading=\"lazy\" decoding=\"async\" aria-describedby=\"caption-attachment-29986\" class=\"wp-image-29986 size-medium\" src=\"https:\/\/goladinha.eu\/blog\/wp-content\/files\/2024\/09\/weide_duerr_210924-500x375.jpg\" alt=\"Weide, d\u00fcrr, Goladinha, Portugal\" width=\"500\" height=\"375\" srcset=\"https:\/\/goladinha.eu\/blog\/wp-content\/files\/2024\/09\/weide_duerr_210924-500x375.jpg 500w, https:\/\/goladinha.eu\/blog\/wp-content\/files\/2024\/09\/weide_duerr_210924-1758x1320.jpg 1758w, https:\/\/goladinha.eu\/blog\/wp-content\/files\/2024\/09\/weide_duerr_210924-768x577.jpg 768w, https:\/\/goladinha.eu\/blog\/wp-content\/files\/2024\/09\/weide_duerr_210924-1536x1154.jpg 1536w, https:\/\/goladinha.eu\/blog\/wp-content\/files\/2024\/09\/weide_duerr_210924.jpg 2048w\" sizes=\"auto, (max-width: 500px) 100vw, 500px\" \/><\/a><p id=\"caption-attachment-29986\" class=\"wp-caption-text\">Unten am Stamm <em>(auf dem Bild nicht erkennbar, weil eine kleine Eiche und ein Lorbeerbaum davorstehen)<\/em> hat der alte Baum schon noch neu ausgetrieben &#8211; eine Weide mit entsprechender Krone wird aber es nicht mehr. Vielleicht m\u00fcssen wir den Baum f\u00e4llen bevor er wegen Umst\u00fcrzens zu einer Gefahr wird.<\/p><\/div>\n","protected":false},"excerpt":{"rendered":"<p>Sabado 21 de Setembro 2024 \u2013 nachts \u219312 tags \u219320 \u2013 Sonne &#8211; Bew\u00f6lkung \u2013 (0) 12-28 Km\/h\u2013SO-S-SW-W-NW-NO Der m\u00e4chtigste Baum in Goladinha hat sich nach dem Brand von 2017 nie mehr richtig erholt. Nach dem Feuer hat er zwar neu ausgetrieben, die Krone wird aber jedes Jahr lichter.<\/p>\n","protected":false},"author":1,"featured_media":0,"comment_status":"open","ping_status":"closed","sticky":false,"template":"","format":"standard","meta":{"footnotes":""},"categories":[10],"tags":[],"class_list":["post-29980","post","type-post","status-publish","format-standard","hentry","category-allgemein"],"_links":{"self":[{"href":"https:\/\/goladinha.eu\/blog\/wp-json\/wp\/v2\/posts\/29980","targetHints":{"allow":["GET"]}}],"collection":[{"href":"https:\/\/goladinha.eu\/blog\/wp-json\/wp\/v2\/posts"}],"about":[{"href":"https:\/\/goladinha.eu\/blog\/wp-json\/wp\/v2\/types\/post"}],"author":[{"embeddable":true,"href":"https:\/\/goladinha.eu\/blog\/wp-json\/wp\/v2\/users\/1"}],"replies":[{"embeddable":true,"href":"https:\/\/goladinha.eu\/blog\/wp-json\/wp\/v2\/comments?post=29980"}],"version-history":[{"count":5,"href":"https:\/\/goladinha.eu\/blog\/wp-json\/wp\/v2\/posts\/29980\/revisions"}],"predecessor-version":[{"id":29989,"href":"https:\/\/goladinha.eu\/blog\/wp-json\/wp\/v2\/posts\/29980\/revisions\/29989"}],"wp:attachment":[{"href":"https:\/\/goladinha.eu\/blog\/wp-json\/wp\/v2\/media?parent=29980"}],"wp:term":[{"taxonomy":"category","embeddable":true,"href":"https:\/\/goladinha.eu\/blog\/wp-json\/wp\/v2\/categories?post=29980"},{"taxonomy":"post_tag","embeddable":true,"href":"https:\/\/goladinha.eu\/blog\/wp-json\/wp\/v2\/tags?post=29980"}],"curies":[{"name":"wp","href":"https:\/\/api.w.org\/{rel}","templated":true}]}}