{"id":29960,"date":"2024-09-19T20:47:41","date_gmt":"2024-09-19T19:47:41","guid":{"rendered":"https:\/\/goladinha.eu\/blog\/?p=29960"},"modified":"2024-09-19T20:52:22","modified_gmt":"2024-09-19T19:52:22","slug":"von-guten-maechten","status":"publish","type":"post","link":"https:\/\/goladinha.eu\/blog\/2024\/09\/19\/von-guten-maechten\/","title":{"rendered":"Von guten M\u00e4chten &#8230;"},"content":{"rendered":"<p>Quinta <strong>19 de Setembro <\/strong>2024 \u2013 nachts <strong>\u219111<\/strong><br \/>\n<strong>tags \u2193\u219126 \u2013 <\/strong><span style=\"color: #ff6600;\">Sonne <\/span><strong>\u2013<\/strong><span style=\"color: #808080;\"> teils leicht bew\u00f6lkt<\/span><strong> &#8211;<\/strong> (0) 16-37 Km\/h<strong>\u2013SO<\/strong>-S-O<strong><br \/>\n<\/strong><\/p>\n<p>Die Kerze, die wir<a href=\"https:\/\/goladinha.eu\/blog\/2024\/09\/08\/element-feuer-transformation\/\" target=\"_blank\" rel=\"noopener\"> vor 11 Tagen in der Kapelle von AGRIA GRANDE<\/a> angez\u00fcndet haben galt Theresia &#8211;<strong> wir werden sie vermissen &#8211; m\u00f6ge sie in Frieden ruhen.<\/strong><\/p>\n<p><a href=\"https:\/\/goladinha.eu\/blog\/wp-content\/files\/2024\/09\/theresia_anzeige_190924.jpg\" target=\"_blank\" rel=\"noopener\"><img loading=\"lazy\" decoding=\"async\" class=\"wp-image-29963 size-medium\" src=\"https:\/\/goladinha.eu\/blog\/wp-content\/files\/2024\/09\/theresia_anzeige_190924-500x552.jpg\" alt=\"Theresia, Traueranzeige, Goladinha, Portugal\" width=\"500\" height=\"552\" srcset=\"https:\/\/goladinha.eu\/blog\/wp-content\/files\/2024\/09\/theresia_anzeige_190924-500x552.jpg 500w, https:\/\/goladinha.eu\/blog\/wp-content\/files\/2024\/09\/theresia_anzeige_190924-768x848.jpg 768w, https:\/\/goladinha.eu\/blog\/wp-content\/files\/2024\/09\/theresia_anzeige_190924.jpg 800w\" sizes=\"auto, (max-width: 500px) 100vw, 500px\" \/><\/a><\/p>\n<p><a href=\"https:\/\/www.evangeliums.net\/lieder\/lied_von_guten_maechten_wunderbar_geborgen.html\" target=\"_blank\" rel=\"noopener\">Das Lied, VON GUTEN M\u00c4CHTEN WUNDERBAR GEBIRGEN, stammt von<\/a> dem evangelischen Theologen und NS-Widerstandsk\u00e4mpfers Dietrich Bonhoeffer.<\/p>\n","protected":false},"excerpt":{"rendered":"<p>Quinta 19 de Setembro 2024 \u2013 nachts \u219111 tags \u2193\u219126 \u2013 Sonne \u2013 teils leicht bew\u00f6lkt &#8211; (0) 16-37 Km\/h\u2013SO-S-O Die Kerze, die wir vor 11 Tagen in der Kapelle von AGRIA GRANDE angez\u00fcndet haben galt Theresia &#8211; wir werden sie vermissen &#8211; m\u00f6ge sie in Frieden ruhen. Das Lied, VON GUTEN M\u00c4CHTEN WUNDERBAR GEBIRGEN, [&hellip;]<\/p>\n","protected":false},"author":1,"featured_media":0,"comment_status":"open","ping_status":"closed","sticky":false,"template":"","format":"standard","meta":{"footnotes":""},"categories":[10],"tags":[],"class_list":["post-29960","post","type-post","status-publish","format-standard","hentry","category-allgemein"],"_links":{"self":[{"href":"https:\/\/goladinha.eu\/blog\/wp-json\/wp\/v2\/posts\/29960","targetHints":{"allow":["GET"]}}],"collection":[{"href":"https:\/\/goladinha.eu\/blog\/wp-json\/wp\/v2\/posts"}],"about":[{"href":"https:\/\/goladinha.eu\/blog\/wp-json\/wp\/v2\/types\/post"}],"author":[{"embeddable":true,"href":"https:\/\/goladinha.eu\/blog\/wp-json\/wp\/v2\/users\/1"}],"replies":[{"embeddable":true,"href":"https:\/\/goladinha.eu\/blog\/wp-json\/wp\/v2\/comments?post=29960"}],"version-history":[{"count":10,"href":"https:\/\/goladinha.eu\/blog\/wp-json\/wp\/v2\/posts\/29960\/revisions"}],"predecessor-version":[{"id":29971,"href":"https:\/\/goladinha.eu\/blog\/wp-json\/wp\/v2\/posts\/29960\/revisions\/29971"}],"wp:attachment":[{"href":"https:\/\/goladinha.eu\/blog\/wp-json\/wp\/v2\/media?parent=29960"}],"wp:term":[{"taxonomy":"category","embeddable":true,"href":"https:\/\/goladinha.eu\/blog\/wp-json\/wp\/v2\/categories?post=29960"},{"taxonomy":"post_tag","embeddable":true,"href":"https:\/\/goladinha.eu\/blog\/wp-json\/wp\/v2\/tags?post=29960"}],"curies":[{"name":"wp","href":"https:\/\/api.w.org\/{rel}","templated":true}]}}