{"id":29945,"date":"2024-09-17T20:56:03","date_gmt":"2024-09-17T19:56:03","guid":{"rendered":"https:\/\/goladinha.eu\/blog\/?p=29945"},"modified":"2024-09-17T20:56:03","modified_gmt":"2024-09-17T19:56:03","slug":"braende-wegen-lithium","status":"publish","type":"post","link":"https:\/\/goladinha.eu\/blog\/2024\/09\/17\/braende-wegen-lithium\/","title":{"rendered":"Br\u00e4nde wegen Lithium?"},"content":{"rendered":"<p>Terca <strong>17 de Setembro <\/strong>2024 \u2013 nachts <strong>\u219110<\/strong><br \/>\n<strong>tags \u219328\u2013 <span style=\"color: #ff6600;\">Sonne<\/span> \u2013<\/strong> (0) 18-39 Km\/h<strong>\u2013O<\/strong>-NO<strong><br \/>\n<\/strong><\/p>\n<p>Derzeit werden <a href=\"https:\/\/www.tagesschau.de\/ausland\/europa\/portugal-waldbraende-116.html\" target=\"_blank\" rel=\"noopener\">gewaltige Br\u00e4nde im Norden von Portugal<\/a> <em>(Stand 17.09.2024 &#8211; 19 Uhr)<\/em> gemeldet &#8211; in Zentralportugal kaum,\u00a0 im S\u00fcden gar nicht!<br \/>\nIn sozialen Medien wird behauptet, dass die Br\u00e4nde bewusst gelegt wurden &#8211; vornehmlich in Gebieten in denen Antr\u00e4ge auf <a href=\"https:\/\/goladinha.eu\/blog\/index.php?s=lithium\" target=\"_blank\" rel=\"noopener\">Lithium-Abbau<\/a> gestellt wurden. Wenn das der Wahrheit entspricht, sollte wohl ein Argument gegen Lithium-Abbau &#8222;in Flammen aufgehen&#8220;.<br \/>\nOb das tats\u00e4chlich so ist? Wer weiss? Grunds\u00e4tzlich k\u00f6nnen wir uns so ein Vorgehen jedoch durchaus vorstellen. &#8211; <a href=\"https:\/\/www.transparency.org\/en\/cpi\/2023\" target=\"_blank\" rel=\"noopener\">Korruption in der Politik ist ganz real.<\/a><\/p>\n<div id=\"attachment_29947\" style=\"width: 439px\" class=\"wp-caption alignnone\"><a href=\"https:\/\/goladinha.eu\/blog\/wp-content\/files\/2024\/09\/braende_pt_nord_170924.jpg\" target=\"_blank\" rel=\"noopener\"><img loading=\"lazy\" decoding=\"async\" aria-describedby=\"caption-attachment-29947\" class=\"wp-image-29947 size-full\" src=\"https:\/\/goladinha.eu\/blog\/wp-content\/files\/2024\/09\/braende_pt_nord_170924.jpg\" alt=\"Br\u00e4nde im Norden Portugal, Goladinha, Lithium-Abbau\" width=\"429\" height=\"512\" \/><\/a><p id=\"caption-attachment-29947\" class=\"wp-caption-text\">Auf der Seite<a href=\"https:\/\/fogos.pt\/\" target=\"_blank\" rel=\"noopener\"> https:\/\/fogos.pt\/<\/a> l\u00e4sst sich zeitaktuell die Brandsituation in Portugal verfolgen.<\/p><\/div>\n<p>Goladinha liegt im Zentrum des Landes &#8211; zwischen Castello Branco und Figueira da Foz.<\/p>\n","protected":false},"excerpt":{"rendered":"<p>Terca 17 de Setembro 2024 \u2013 nachts \u219110 tags \u219328\u2013 Sonne \u2013 (0) 18-39 Km\/h\u2013O-NO Derzeit werden gewaltige Br\u00e4nde im Norden von Portugal (Stand 17.09.2024 &#8211; 19 Uhr) gemeldet &#8211; in Zentralportugal kaum,\u00a0 im S\u00fcden gar nicht! In sozialen Medien wird behauptet, dass die Br\u00e4nde bewusst gelegt wurden &#8211; vornehmlich in Gebieten in denen Antr\u00e4ge [&hellip;]<\/p>\n","protected":false},"author":1,"featured_media":0,"comment_status":"open","ping_status":"closed","sticky":false,"template":"","format":"standard","meta":{"footnotes":""},"categories":[10],"tags":[],"class_list":["post-29945","post","type-post","status-publish","format-standard","hentry","category-allgemein"],"_links":{"self":[{"href":"https:\/\/goladinha.eu\/blog\/wp-json\/wp\/v2\/posts\/29945","targetHints":{"allow":["GET"]}}],"collection":[{"href":"https:\/\/goladinha.eu\/blog\/wp-json\/wp\/v2\/posts"}],"about":[{"href":"https:\/\/goladinha.eu\/blog\/wp-json\/wp\/v2\/types\/post"}],"author":[{"embeddable":true,"href":"https:\/\/goladinha.eu\/blog\/wp-json\/wp\/v2\/users\/1"}],"replies":[{"embeddable":true,"href":"https:\/\/goladinha.eu\/blog\/wp-json\/wp\/v2\/comments?post=29945"}],"version-history":[{"count":7,"href":"https:\/\/goladinha.eu\/blog\/wp-json\/wp\/v2\/posts\/29945\/revisions"}],"predecessor-version":[{"id":29953,"href":"https:\/\/goladinha.eu\/blog\/wp-json\/wp\/v2\/posts\/29945\/revisions\/29953"}],"wp:attachment":[{"href":"https:\/\/goladinha.eu\/blog\/wp-json\/wp\/v2\/media?parent=29945"}],"wp:term":[{"taxonomy":"category","embeddable":true,"href":"https:\/\/goladinha.eu\/blog\/wp-json\/wp\/v2\/categories?post=29945"},{"taxonomy":"post_tag","embeddable":true,"href":"https:\/\/goladinha.eu\/blog\/wp-json\/wp\/v2\/tags?post=29945"}],"curies":[{"name":"wp","href":"https:\/\/api.w.org\/{rel}","templated":true}]}}