{"id":29921,"date":"2024-09-15T21:25:53","date_gmt":"2024-09-15T20:25:53","guid":{"rendered":"https:\/\/goladinha.eu\/blog\/?p=29921"},"modified":"2024-09-15T21:25:53","modified_gmt":"2024-09-15T20:25:53","slug":"niederschlaege-und-brandgefahr","status":"publish","type":"post","link":"https:\/\/goladinha.eu\/blog\/2024\/09\/15\/niederschlaege-und-brandgefahr\/","title":{"rendered":"Niederschl\u00e4ge und Brandgefahr"},"content":{"rendered":"<p>Domingo <strong>15 de Setembro <\/strong>2024 \u2013 nachts <strong>\u2191\u219311<\/strong><br \/>\n<strong>tags \u219130\u2013 <\/strong><span style=\"color: #ff6600;\">Sonne <\/span><strong>\u2013<\/strong> (0) 17-39 Km\/h<strong>\u2013<\/strong>wechselnde Richt.<strong><br \/>\n<\/strong><\/p>\n<p>Von <span style=\"color: #0000ff;\">Mitte Sept. 2022 bis Mitte Sept. 2023<\/span> haben wir in Goladinha <span style=\"color: #0000ff;\"><strong>1420 Liter<\/strong><\/span>\/m\u00b2 gemessen.<br \/>\nVon <span style=\"color: #3366ff;\">Mitte Sept. 2023 bis Mitte Sept. 2024<\/span> haben wir in Goladinha<span style=\"color: #3366ff;\"><strong> 1783 Liter<\/strong><\/span>\/m\u00b2 gemessen &#8211; <span style=\"color: #000080;\"><strong>das waren gut 25 % mehr <\/strong><\/span>gegen\u00fcber dem Vorahr. Wir merken die vermehrten Niederschl\u00e4ge auch an der Sch\u00fcttung unserer <span style=\"color: #000080;\">Quelle<\/span>, die um diese Jahreszeit in den vergangenen Jahren entweder massiv nachgelassen hatte <a href=\"https:\/\/goladinha.eu\/blog\/2023\/07\/15\/die-letzten-tropfen\/\" target=\"_blank\" rel=\"noopener\">oder schon versiegt war<\/a> &#8211; <span style=\"color: #000080;\">heuer sprudelt sie unvermindert weiter und die Qualit\u00e4t des Wassers scheint nach unserem subjektiven Empfinden immer noch besser zu werden.<\/span><\/p>\n<p><strong>Die erh\u00f6hten Niederschl\u00e4ge in den vergangenen 12 Monaten \u00e4ndern leider nichts an der derzeitigen akuten Brandgefahr.<\/strong><\/p>\n<div id=\"attachment_29923\" style=\"width: 510px\" class=\"wp-caption alignnone\"><a href=\"https:\/\/goladinha.eu\/blog\/wp-content\/files\/2024\/09\/wetter_fdv1_150924.jpg\" target=\"_blank\" rel=\"noopener\"><img loading=\"lazy\" decoding=\"async\" aria-describedby=\"caption-attachment-29923\" class=\"wp-image-29923 size-medium\" src=\"https:\/\/goladinha.eu\/blog\/wp-content\/files\/2024\/09\/wetter_fdv1_150924-500x172.jpg\" alt=\"Wetter. Figueiros dos Vinhos, Goladinha, Portugal\" width=\"500\" height=\"172\" srcset=\"https:\/\/goladinha.eu\/blog\/wp-content\/files\/2024\/09\/wetter_fdv1_150924-500x172.jpg 500w, https:\/\/goladinha.eu\/blog\/wp-content\/files\/2024\/09\/wetter_fdv1_150924-768x265.jpg 768w, https:\/\/goladinha.eu\/blog\/wp-content\/files\/2024\/09\/wetter_fdv1_150924.jpg 821w\" sizes=\"auto, (max-width: 500px) 100vw, 500px\" \/><\/a><p id=\"caption-attachment-29923\" class=\"wp-caption-text\">Die kommenden Tage bleiben sommerlich<\/p><\/div>\n<div id=\"attachment_29924\" style=\"width: 510px\" class=\"wp-caption alignnone\"><a href=\"https:\/\/goladinha.eu\/blog\/wp-content\/files\/2024\/09\/wetter_fdv2_150924.jpg\" target=\"_blank\" rel=\"noopener\"><img loading=\"lazy\" decoding=\"async\" aria-describedby=\"caption-attachment-29924\" class=\"wp-image-29924 size-medium\" src=\"https:\/\/goladinha.eu\/blog\/wp-content\/files\/2024\/09\/wetter_fdv2_150924-500x169.jpg\" alt=\"Wetter. Figueiros dos Vinhos, Goladinha, Portugal\" width=\"500\" height=\"169\" srcset=\"https:\/\/goladinha.eu\/blog\/wp-content\/files\/2024\/09\/wetter_fdv2_150924-500x169.jpg 500w, https:\/\/goladinha.eu\/blog\/wp-content\/files\/2024\/09\/wetter_fdv2_150924-768x260.jpg 768w, https:\/\/goladinha.eu\/blog\/wp-content\/files\/2024\/09\/wetter_fdv2_150924.jpg 824w\" sizes=\"auto, (max-width: 500px) 100vw, 500px\" \/><\/a><p id=\"caption-attachment-29924\" class=\"wp-caption-text\">Die Brandgefahr steigt.<\/p><\/div>\n<p>Die <strong>Regierung<\/strong> hat heute eine <strong>sms<\/strong> an alle die in den gef\u00e4hrteten Funkzellen eingeloggt waren eine <strong>deutliche Warnung<\/strong> verschickt.<\/p>\n<p><a href=\"https:\/\/goladinha.eu\/blog\/wp-content\/files\/2024\/09\/brandgefahr_pt_150924.png\" target=\"_blank\" rel=\"noopener\"><img loading=\"lazy\" decoding=\"async\" class=\"wp-image-29933 size-medium\" src=\"https:\/\/goladinha.eu\/blog\/wp-content\/files\/2024\/09\/brandgefahr_pt_150924-315x700.png\" alt=\"Brandgefahr, Feuergefahr, Regierung, Goverment, Goladinha, Portugal\" width=\"315\" height=\"700\" srcset=\"https:\/\/goladinha.eu\/blog\/wp-content\/files\/2024\/09\/brandgefahr_pt_150924-315x700.png 315w, https:\/\/goladinha.eu\/blog\/wp-content\/files\/2024\/09\/brandgefahr_pt_150924-594x1320.png 594w, https:\/\/goladinha.eu\/blog\/wp-content\/files\/2024\/09\/brandgefahr_pt_150924-768x1707.png 768w, https:\/\/goladinha.eu\/blog\/wp-content\/files\/2024\/09\/brandgefahr_pt_150924-691x1536.png 691w, https:\/\/goladinha.eu\/blog\/wp-content\/files\/2024\/09\/brandgefahr_pt_150924.png 864w\" sizes=\"auto, (max-width: 315px) 100vw, 315px\" \/><\/a><\/p>\n<p><a href=\"https:\/\/goladinha.eu\/blog\/wp-content\/files\/2024\/09\/brandgefahr_de_150924.png\" target=\"_blank\" rel=\"noopener\"><img loading=\"lazy\" decoding=\"async\" class=\"alignnone wp-image-29934 size-medium\" src=\"https:\/\/goladinha.eu\/blog\/wp-content\/files\/2024\/09\/brandgefahr_de_150924-315x700.png\" alt=\"Brandgefahr, Feuergefahr, Regierung, Goverment, Goladinha, Portugal\" width=\"315\" height=\"700\" srcset=\"https:\/\/goladinha.eu\/blog\/wp-content\/files\/2024\/09\/brandgefahr_de_150924-315x700.png 315w, https:\/\/goladinha.eu\/blog\/wp-content\/files\/2024\/09\/brandgefahr_de_150924-594x1320.png 594w, https:\/\/goladinha.eu\/blog\/wp-content\/files\/2024\/09\/brandgefahr_de_150924-768x1707.png 768w, https:\/\/goladinha.eu\/blog\/wp-content\/files\/2024\/09\/brandgefahr_de_150924-691x1536.png 691w, https:\/\/goladinha.eu\/blog\/wp-content\/files\/2024\/09\/brandgefahr_de_150924.png 864w\" sizes=\"auto, (max-width: 315px) 100vw, 315px\" \/><\/a><\/p>\n<p>&nbsp;<\/p>\n","protected":false},"excerpt":{"rendered":"<p>Domingo 15 de Setembro 2024 \u2013 nachts \u2191\u219311 tags \u219130\u2013 Sonne \u2013 (0) 17-39 Km\/h\u2013wechselnde Richt. Von Mitte Sept. 2022 bis Mitte Sept. 2023 haben wir in Goladinha 1420 Liter\/m\u00b2 gemessen. Von Mitte Sept. 2023 bis Mitte Sept. 2024 haben wir in Goladinha 1783 Liter\/m\u00b2 gemessen &#8211; das waren gut 25 % mehr gegen\u00fcber dem [&hellip;]<\/p>\n","protected":false},"author":1,"featured_media":0,"comment_status":"open","ping_status":"closed","sticky":false,"template":"","format":"standard","meta":{"footnotes":""},"categories":[10],"tags":[],"class_list":["post-29921","post","type-post","status-publish","format-standard","hentry","category-allgemein"],"_links":{"self":[{"href":"https:\/\/goladinha.eu\/blog\/wp-json\/wp\/v2\/posts\/29921","targetHints":{"allow":["GET"]}}],"collection":[{"href":"https:\/\/goladinha.eu\/blog\/wp-json\/wp\/v2\/posts"}],"about":[{"href":"https:\/\/goladinha.eu\/blog\/wp-json\/wp\/v2\/types\/post"}],"author":[{"embeddable":true,"href":"https:\/\/goladinha.eu\/blog\/wp-json\/wp\/v2\/users\/1"}],"replies":[{"embeddable":true,"href":"https:\/\/goladinha.eu\/blog\/wp-json\/wp\/v2\/comments?post=29921"}],"version-history":[{"count":5,"href":"https:\/\/goladinha.eu\/blog\/wp-json\/wp\/v2\/posts\/29921\/revisions"}],"predecessor-version":[{"id":29936,"href":"https:\/\/goladinha.eu\/blog\/wp-json\/wp\/v2\/posts\/29921\/revisions\/29936"}],"wp:attachment":[{"href":"https:\/\/goladinha.eu\/blog\/wp-json\/wp\/v2\/media?parent=29921"}],"wp:term":[{"taxonomy":"category","embeddable":true,"href":"https:\/\/goladinha.eu\/blog\/wp-json\/wp\/v2\/categories?post=29921"},{"taxonomy":"post_tag","embeddable":true,"href":"https:\/\/goladinha.eu\/blog\/wp-json\/wp\/v2\/tags?post=29921"}],"curies":[{"name":"wp","href":"https:\/\/api.w.org\/{rel}","templated":true}]}}