{"id":29893,"date":"2024-09-10T22:08:44","date_gmt":"2024-09-10T21:08:44","guid":{"rendered":"https:\/\/goladinha.eu\/blog\/?p=29893"},"modified":"2024-09-10T22:15:31","modified_gmt":"2024-09-10T21:15:31","slug":"redewendung-holzauge-sei-wachsam","status":"publish","type":"post","link":"https:\/\/goladinha.eu\/blog\/2024\/09\/10\/redewendung-holzauge-sei-wachsam\/","title":{"rendered":"Redewendung &#8211; Holzauge sei wachsam"},"content":{"rendered":"<p>Terca <strong>10 de Setembro <\/strong>2024 \u2013 nachts<strong> \u219111<\/strong><br \/>\n<strong>tags \u2191\u219324<\/strong> <strong>\u2013 <\/strong><span style=\"color: #808080;\"><strong>Fr\u00fchnebel <\/strong> <\/span>\u2013 <span style=\"color: #ff6600;\">Sonne <\/span><strong>\u2013 <\/strong>(1783) 18-40 Km\/h<strong>\u2013<\/strong>N-NW<\/p>\n<p>Der Ursprung der Redewendung &#8222;Holzauge, sei wachsam&#8220; ist bis heute unbekannt. Allerdings gibt es <a href=\"https:\/\/praxistipps.focus.de\/holzauge-sei-wachsam-bedeutung-und-herkunft-der-redewendung_137381\" target=\"_blank\" rel=\"noopener\">zwei verschiedene Theorien dar\u00fcber<\/a>, wie die Redensart entstanden sein k\u00f6nnte.<\/p>\n<div id=\"attachment_29895\" style=\"width: 510px\" class=\"wp-caption alignnone\"><a href=\"https:\/\/goladinha.eu\/blog\/wp-content\/files\/2024\/09\/holz_augen_100924.jpg\" target=\"_blank\" rel=\"noopener\"><img loading=\"lazy\" decoding=\"async\" aria-describedby=\"caption-attachment-29895\" class=\"wp-image-29895 size-medium\" src=\"https:\/\/goladinha.eu\/blog\/wp-content\/files\/2024\/09\/holz_augen_100924-500x667.jpg\" alt=\"Holzaugen, Medronho, Goladinha, Portugal\" width=\"500\" height=\"667\" srcset=\"https:\/\/goladinha.eu\/blog\/wp-content\/files\/2024\/09\/holz_augen_100924-500x667.jpg 500w, https:\/\/goladinha.eu\/blog\/wp-content\/files\/2024\/09\/holz_augen_100924-990x1320.jpg 990w, https:\/\/goladinha.eu\/blog\/wp-content\/files\/2024\/09\/holz_augen_100924-768x1024.jpg 768w, https:\/\/goladinha.eu\/blog\/wp-content\/files\/2024\/09\/holz_augen_100924-1152x1536.jpg 1152w, https:\/\/goladinha.eu\/blog\/wp-content\/files\/2024\/09\/holz_augen_100924.jpg 1536w\" sizes=\"auto, (max-width: 500px) 100vw, 500px\" \/><\/a><p id=\"caption-attachment-29895\" class=\"wp-caption-text\">Beim F\u00e4llen und Zers\u00e4gen einer d\u00fcrren Medronho ist diese &#8222;Holzauge-Brille&#8220; entstanden.<\/p><\/div>\n","protected":false},"excerpt":{"rendered":"<p>Terca 10 de Setembro 2024 \u2013 nachts \u219111 tags \u2191\u219324 \u2013 Fr\u00fchnebel \u2013 Sonne \u2013 (1783) 18-40 Km\/h\u2013N-NW Der Ursprung der Redewendung &#8222;Holzauge, sei wachsam&#8220; ist bis heute unbekannt. Allerdings gibt es zwei verschiedene Theorien dar\u00fcber, wie die Redensart entstanden sein k\u00f6nnte.<\/p>\n","protected":false},"author":1,"featured_media":0,"comment_status":"open","ping_status":"closed","sticky":false,"template":"","format":"standard","meta":{"footnotes":""},"categories":[10],"tags":[],"class_list":["post-29893","post","type-post","status-publish","format-standard","hentry","category-allgemein"],"_links":{"self":[{"href":"https:\/\/goladinha.eu\/blog\/wp-json\/wp\/v2\/posts\/29893","targetHints":{"allow":["GET"]}}],"collection":[{"href":"https:\/\/goladinha.eu\/blog\/wp-json\/wp\/v2\/posts"}],"about":[{"href":"https:\/\/goladinha.eu\/blog\/wp-json\/wp\/v2\/types\/post"}],"author":[{"embeddable":true,"href":"https:\/\/goladinha.eu\/blog\/wp-json\/wp\/v2\/users\/1"}],"replies":[{"embeddable":true,"href":"https:\/\/goladinha.eu\/blog\/wp-json\/wp\/v2\/comments?post=29893"}],"version-history":[{"count":4,"href":"https:\/\/goladinha.eu\/blog\/wp-json\/wp\/v2\/posts\/29893\/revisions"}],"predecessor-version":[{"id":29898,"href":"https:\/\/goladinha.eu\/blog\/wp-json\/wp\/v2\/posts\/29893\/revisions\/29898"}],"wp:attachment":[{"href":"https:\/\/goladinha.eu\/blog\/wp-json\/wp\/v2\/media?parent=29893"}],"wp:term":[{"taxonomy":"category","embeddable":true,"href":"https:\/\/goladinha.eu\/blog\/wp-json\/wp\/v2\/categories?post=29893"},{"taxonomy":"post_tag","embeddable":true,"href":"https:\/\/goladinha.eu\/blog\/wp-json\/wp\/v2\/tags?post=29893"}],"curies":[{"name":"wp","href":"https:\/\/api.w.org\/{rel}","templated":true}]}}