{"id":29853,"date":"2024-09-08T08:21:27","date_gmt":"2024-09-08T07:21:27","guid":{"rendered":"https:\/\/goladinha.eu\/blog\/?p=29853"},"modified":"2024-09-08T08:22:25","modified_gmt":"2024-09-08T07:22:25","slug":"douro-tal-und-serra-da-leomil","status":"publish","type":"post","link":"https:\/\/goladinha.eu\/blog\/2024\/09\/08\/douro-tal-und-serra-da-leomil\/","title":{"rendered":"Douro-Tal und Serra da Leomil"},"content":{"rendered":"<p>Sabado <strong>7 de Setembro <\/strong>2024 \u2013 nachts<strong> \u2193\u219110<\/strong><br \/>\ntags \u219122 <strong>\u2013<\/strong> <span style=\"color: #ff6600;\">Sonne<\/span> und <span style=\"color: #808080;\">Bew\u00f6lkung<\/span><strong> \u2013 <\/strong>(1783) 14-34 Km\/h<strong>\u2013<\/strong>W-NW-N<\/p>\n<p>Das Douro-Tal hat uns so schnell nicht losgelassen.<\/p>\n<div id=\"attachment_29854\" style=\"width: 510px\" class=\"wp-caption alignnone\"><a href=\"https:\/\/goladinha.eu\/blog\/wp-content\/files\/2024\/09\/umzug_lamego_070924.jpg\" target=\"_blank\" rel=\"noopener\"><img loading=\"lazy\" decoding=\"async\" aria-describedby=\"caption-attachment-29854\" class=\"wp-image-29854 size-medium\" src=\"https:\/\/goladinha.eu\/blog\/wp-content\/files\/2024\/09\/umzug_lamego_070924-500x375.jpg\" alt=\"Umzug, Lamego, Walfahrtsort, Goladinha, Portugal\" width=\"500\" height=\"375\" srcset=\"https:\/\/goladinha.eu\/blog\/wp-content\/files\/2024\/09\/umzug_lamego_070924-500x375.jpg 500w, https:\/\/goladinha.eu\/blog\/wp-content\/files\/2024\/09\/umzug_lamego_070924-1758x1320.jpg 1758w, https:\/\/goladinha.eu\/blog\/wp-content\/files\/2024\/09\/umzug_lamego_070924-768x577.jpg 768w, https:\/\/goladinha.eu\/blog\/wp-content\/files\/2024\/09\/umzug_lamego_070924-1536x1153.jpg 1536w, https:\/\/goladinha.eu\/blog\/wp-content\/files\/2024\/09\/umzug_lamego_070924-2048x1538.jpg 2048w\" sizes=\"auto, (max-width: 500px) 100vw, 500px\" \/><\/a><p id=\"caption-attachment-29854\" class=\"wp-caption-text\">Der Walfahrtsort Lamego, gelegen am <a href=\"https:\/\/de.wikipedia.org\/wiki\/Duero\" target=\"_blank\" rel=\"noopener\">Douro<\/a> bereitet sich auf den traditionellen Umzug vor &#8211; die 626-stufige Himmeltreppe hinauf zur Basilica kommen diese W\u00e4gen zwar nicht hinauf aber f\u00fcr zur Freude der Pilger schl\u00e4ngeln sie sich durch die Stadt.<\/p><\/div>\n<div id=\"attachment_29855\" style=\"width: 510px\" class=\"wp-caption alignnone\"><a href=\"https:\/\/goladinha.eu\/blog\/wp-content\/files\/2024\/09\/brueecke_lamego_070924.jpg\" target=\"_blank\" rel=\"noopener\"><img loading=\"lazy\" decoding=\"async\" aria-describedby=\"caption-attachment-29855\" class=\"wp-image-29855 size-medium\" src=\"https:\/\/goladinha.eu\/blog\/wp-content\/files\/2024\/09\/brueecke_lamego_070924-500x375.jpg\" alt=\"Camper, Stellplatz, unter Br\u00fccke, Lamego, Walfahrtsort, Goladinha, Portugal\" width=\"500\" height=\"375\" srcset=\"https:\/\/goladinha.eu\/blog\/wp-content\/files\/2024\/09\/brueecke_lamego_070924-500x375.jpg 500w, https:\/\/goladinha.eu\/blog\/wp-content\/files\/2024\/09\/brueecke_lamego_070924-1758x1320.jpg 1758w, https:\/\/goladinha.eu\/blog\/wp-content\/files\/2024\/09\/brueecke_lamego_070924-768x577.jpg 768w, https:\/\/goladinha.eu\/blog\/wp-content\/files\/2024\/09\/brueecke_lamego_070924-1536x1153.jpg 1536w, https:\/\/goladinha.eu\/blog\/wp-content\/files\/2024\/09\/brueecke_lamego_070924-2048x1538.jpg 2048w\" sizes=\"auto, (max-width: 500px) 100vw, 500px\" \/><\/a><p id=\"caption-attachment-29855\" class=\"wp-caption-text\">Unter Lamegos Br\u00fccke \u00fcber den Douro wurde ein weitl\u00e4ufiger, vielbesuchter Stellplatz f\u00fcr Wohnmobile angelegt &#8211; haupts\u00e4chlich sieht man dort zur Zeit Fahrzeuge aus Frankreich und Portugal, aber auch Belgier, Engl\u00e4nder und Schweizer campen dort u.a.<\/p><\/div>\n<div id=\"attachment_29859\" style=\"width: 510px\" class=\"wp-caption alignnone\"><a href=\"https:\/\/goladinha.eu\/blog\/wp-content\/files\/2024\/09\/varosa_weinberge_070924.jpg\" target=\"_blank\" rel=\"noopener\"><img loading=\"lazy\" decoding=\"async\" aria-describedby=\"caption-attachment-29859\" class=\"wp-image-29859 size-medium\" src=\"https:\/\/goladinha.eu\/blog\/wp-content\/files\/2024\/09\/varosa_weinberge_070924-500x375.jpg\" alt=\"Weinberge, Varosa-Tal, Goladinha, Portugal\" width=\"500\" height=\"375\" srcset=\"https:\/\/goladinha.eu\/blog\/wp-content\/files\/2024\/09\/varosa_weinberge_070924-500x375.jpg 500w, https:\/\/goladinha.eu\/blog\/wp-content\/files\/2024\/09\/varosa_weinberge_070924-1758x1320.jpg 1758w, https:\/\/goladinha.eu\/blog\/wp-content\/files\/2024\/09\/varosa_weinberge_070924-768x577.jpg 768w, https:\/\/goladinha.eu\/blog\/wp-content\/files\/2024\/09\/varosa_weinberge_070924-1536x1153.jpg 1536w, https:\/\/goladinha.eu\/blog\/wp-content\/files\/2024\/09\/varosa_weinberge_070924-2048x1538.jpg 2048w\" sizes=\"auto, (max-width: 500px) 100vw, 500px\" \/><\/a><p id=\"caption-attachment-29859\" class=\"wp-caption-text\">Neben dem ber\u00fchmten Weinanbaugebiet entlang des Douro-Tals gedeiht u.a. auch entlang des <a href=\"https:\/\/de.wikipedia.org\/wiki\/Varosa\" target=\"_blank\" rel=\"noopener\">Rio Varosa<\/a> Wein von guter Qualit\u00e4t.<\/p><\/div>\n<div id=\"attachment_29856\" style=\"width: 510px\" class=\"wp-caption alignnone\"><a href=\"https:\/\/goladinha.eu\/blog\/wp-content\/files\/2024\/09\/varosa_barragem_070924.jpg\" target=\"_blank\" rel=\"noopener\"><img loading=\"lazy\" decoding=\"async\" aria-describedby=\"caption-attachment-29856\" class=\"wp-image-29856 size-medium\" src=\"https:\/\/goladinha.eu\/blog\/wp-content\/files\/2024\/09\/varosa_barragem_070924-500x375.jpg\" alt=\"Barragem Varosa, Goladinha, Portugal\" width=\"500\" height=\"375\" srcset=\"https:\/\/goladinha.eu\/blog\/wp-content\/files\/2024\/09\/varosa_barragem_070924-500x375.jpg 500w, https:\/\/goladinha.eu\/blog\/wp-content\/files\/2024\/09\/varosa_barragem_070924-1758x1320.jpg 1758w, https:\/\/goladinha.eu\/blog\/wp-content\/files\/2024\/09\/varosa_barragem_070924-768x577.jpg 768w, https:\/\/goladinha.eu\/blog\/wp-content\/files\/2024\/09\/varosa_barragem_070924-1536x1153.jpg 1536w, https:\/\/goladinha.eu\/blog\/wp-content\/files\/2024\/09\/varosa_barragem_070924-2048x1538.jpg 2048w\" sizes=\"auto, (max-width: 500px) 100vw, 500px\" \/><\/a><p id=\"caption-attachment-29856\" class=\"wp-caption-text\">Im Bild die <a href=\"https:\/\/de.wikipedia.org\/wiki\/Talsperre_Varosa\" target=\"_blank\" rel=\"noopener\">Talsperre Varosa.<\/a><\/p><\/div>\n<div id=\"attachment_29857\" style=\"width: 510px\" class=\"wp-caption alignnone\"><a href=\"https:\/\/goladinha.eu\/blog\/wp-content\/files\/2024\/09\/varosa_camp1_070924.jpg\" target=\"_blank\" rel=\"noopener\"><img loading=\"lazy\" decoding=\"async\" aria-describedby=\"caption-attachment-29857\" class=\"wp-image-29857 size-medium\" src=\"https:\/\/goladinha.eu\/blog\/wp-content\/files\/2024\/09\/varosa_camp1_070924-500x375.jpg\" alt=\"Camping, Rio Varosa, Goladinha, Portugal\" width=\"500\" height=\"375\" srcset=\"https:\/\/goladinha.eu\/blog\/wp-content\/files\/2024\/09\/varosa_camp1_070924-500x375.jpg 500w, https:\/\/goladinha.eu\/blog\/wp-content\/files\/2024\/09\/varosa_camp1_070924-1758x1320.jpg 1758w, https:\/\/goladinha.eu\/blog\/wp-content\/files\/2024\/09\/varosa_camp1_070924-768x577.jpg 768w, https:\/\/goladinha.eu\/blog\/wp-content\/files\/2024\/09\/varosa_camp1_070924-1536x1153.jpg 1536w, https:\/\/goladinha.eu\/blog\/wp-content\/files\/2024\/09\/varosa_camp1_070924-2048x1538.jpg 2048w\" sizes=\"auto, (max-width: 500px) 100vw, 500px\" \/><\/a><p id=\"caption-attachment-29857\" class=\"wp-caption-text\">Im Oberlauf des Rio Varosa haben wir einen &#8222;wilden&#8220; Stellplatz gefunden.<\/p><\/div>\n<div id=\"attachment_29858\" style=\"width: 510px\" class=\"wp-caption alignnone\"><a href=\"https:\/\/goladinha.eu\/blog\/wp-content\/files\/2024\/09\/varosa_camp2_070924.jpg\" target=\"_blank\" rel=\"noopener\"><img loading=\"lazy\" decoding=\"async\" aria-describedby=\"caption-attachment-29858\" class=\"wp-image-29858 size-medium\" src=\"https:\/\/goladinha.eu\/blog\/wp-content\/files\/2024\/09\/varosa_camp2_070924-500x375.jpg\" alt=\"Camping, Rio Varosa, Goladinha, Portugal\" width=\"500\" height=\"375\" srcset=\"https:\/\/goladinha.eu\/blog\/wp-content\/files\/2024\/09\/varosa_camp2_070924-500x375.jpg 500w, https:\/\/goladinha.eu\/blog\/wp-content\/files\/2024\/09\/varosa_camp2_070924-1758x1320.jpg 1758w, https:\/\/goladinha.eu\/blog\/wp-content\/files\/2024\/09\/varosa_camp2_070924-768x577.jpg 768w, https:\/\/goladinha.eu\/blog\/wp-content\/files\/2024\/09\/varosa_camp2_070924-1536x1153.jpg 1536w, https:\/\/goladinha.eu\/blog\/wp-content\/files\/2024\/09\/varosa_camp2_070924-2048x1538.jpg 2048w\" sizes=\"auto, (max-width: 500px) 100vw, 500px\" \/><\/a><p id=\"caption-attachment-29858\" class=\"wp-caption-text\">Badem\u00f6glichkeit im Rio Varosa in der Serra de Leomil.<\/p><\/div>\n","protected":false},"excerpt":{"rendered":"<p>Sabado 7 de Setembro 2024 \u2013 nachts \u2193\u219110 tags \u219122 \u2013 Sonne und Bew\u00f6lkung \u2013 (1783) 14-34 Km\/h\u2013W-NW-N Das Douro-Tal hat uns so schnell nicht losgelassen.<\/p>\n","protected":false},"author":1,"featured_media":0,"comment_status":"open","ping_status":"closed","sticky":false,"template":"","format":"standard","meta":{"footnotes":""},"categories":[10],"tags":[],"class_list":["post-29853","post","type-post","status-publish","format-standard","hentry","category-allgemein"],"_links":{"self":[{"href":"https:\/\/goladinha.eu\/blog\/wp-json\/wp\/v2\/posts\/29853","targetHints":{"allow":["GET"]}}],"collection":[{"href":"https:\/\/goladinha.eu\/blog\/wp-json\/wp\/v2\/posts"}],"about":[{"href":"https:\/\/goladinha.eu\/blog\/wp-json\/wp\/v2\/types\/post"}],"author":[{"embeddable":true,"href":"https:\/\/goladinha.eu\/blog\/wp-json\/wp\/v2\/users\/1"}],"replies":[{"embeddable":true,"href":"https:\/\/goladinha.eu\/blog\/wp-json\/wp\/v2\/comments?post=29853"}],"version-history":[{"count":7,"href":"https:\/\/goladinha.eu\/blog\/wp-json\/wp\/v2\/posts\/29853\/revisions"}],"predecessor-version":[{"id":29866,"href":"https:\/\/goladinha.eu\/blog\/wp-json\/wp\/v2\/posts\/29853\/revisions\/29866"}],"wp:attachment":[{"href":"https:\/\/goladinha.eu\/blog\/wp-json\/wp\/v2\/media?parent=29853"}],"wp:term":[{"taxonomy":"category","embeddable":true,"href":"https:\/\/goladinha.eu\/blog\/wp-json\/wp\/v2\/categories?post=29853"},{"taxonomy":"post_tag","embeddable":true,"href":"https:\/\/goladinha.eu\/blog\/wp-json\/wp\/v2\/tags?post=29853"}],"curies":[{"name":"wp","href":"https:\/\/api.w.org\/{rel}","templated":true}]}}