{"id":29817,"date":"2024-09-04T21:36:18","date_gmt":"2024-09-04T20:36:18","guid":{"rendered":"https:\/\/goladinha.eu\/blog\/?p=29817"},"modified":"2024-09-04T21:37:42","modified_gmt":"2024-09-04T20:37:42","slug":"gehaekeltes-2","status":"publish","type":"post","link":"https:\/\/goladinha.eu\/blog\/2024\/09\/04\/gehaekeltes-2\/","title":{"rendered":"Geh\u00e4keltes"},"content":{"rendered":"<p>Quarta <strong>4 de Setembro <\/strong>2024 \u2013 nachts<strong> \u2193\u219111<\/strong><br \/>\ntags <strong>\u219127\u2013<span style=\"color: #ff6600;\">Sonne<\/span> \u2013 <\/strong>(1783) 22-47 Km\/h<strong>\u2013N<\/strong>-NW-<strong>N<\/strong><\/p>\n<p><strong>Auf dem Weg nach Figueiro dos Vinhos,<\/strong> nach der Ortschaft Agria Grande, <strong>entdeckten wir Geh\u00e4keltes<\/strong>, angetackert an einen Eukalyptusbaum.<\/p>\n<div id=\"attachment_29820\" style=\"width: 510px\" class=\"wp-caption alignnone\"><a href=\"https:\/\/goladinha.eu\/blog\/wp-content\/files\/2024\/09\/gehaekeltes_baum_040924.jpeg\" target=\"_blank\" rel=\"noopener\"><img loading=\"lazy\" decoding=\"async\" aria-describedby=\"caption-attachment-29820\" class=\"wp-image-29820 size-medium\" src=\"https:\/\/goladinha.eu\/blog\/wp-content\/files\/2024\/09\/gehaekeltes_baum_040924-500x375.jpeg\" alt=\"Geh\u00e4keltes, Baum, Euka, Goladinha, Portugal\" width=\"500\" height=\"375\" srcset=\"https:\/\/goladinha.eu\/blog\/wp-content\/files\/2024\/09\/gehaekeltes_baum_040924-500x375.jpeg 500w, https:\/\/goladinha.eu\/blog\/wp-content\/files\/2024\/09\/gehaekeltes_baum_040924-1758x1320.jpeg 1758w, https:\/\/goladinha.eu\/blog\/wp-content\/files\/2024\/09\/gehaekeltes_baum_040924-768x577.jpeg 768w, https:\/\/goladinha.eu\/blog\/wp-content\/files\/2024\/09\/gehaekeltes_baum_040924-1536x1154.jpeg 1536w, https:\/\/goladinha.eu\/blog\/wp-content\/files\/2024\/09\/gehaekeltes_baum_040924.jpeg 2048w\" sizes=\"auto, (max-width: 500px) 100vw, 500px\" \/><\/a><p id=\"caption-attachment-29820\" class=\"wp-caption-text\">Der-die K\u00fcnster-in wollte vielleicht nur die Landschaft etwas verh\u00fcbschen. -es k\u00f6nnte sich aber genauso gut um eine kreative Markierung einer Grundst\u00fccksgrenze handeln.<\/p><\/div>\n","protected":false},"excerpt":{"rendered":"<p>Quarta 4 de Setembro 2024 \u2013 nachts \u2193\u219111 tags \u219127\u2013Sonne \u2013 (1783) 22-47 Km\/h\u2013N-NW-N Auf dem Weg nach Figueiro dos Vinhos, nach der Ortschaft Agria Grande, entdeckten wir Geh\u00e4keltes, angetackert an einen Eukalyptusbaum.<\/p>\n","protected":false},"author":1,"featured_media":0,"comment_status":"open","ping_status":"closed","sticky":false,"template":"","format":"standard","meta":{"footnotes":""},"categories":[10],"tags":[],"class_list":["post-29817","post","type-post","status-publish","format-standard","hentry","category-allgemein"],"_links":{"self":[{"href":"https:\/\/goladinha.eu\/blog\/wp-json\/wp\/v2\/posts\/29817","targetHints":{"allow":["GET"]}}],"collection":[{"href":"https:\/\/goladinha.eu\/blog\/wp-json\/wp\/v2\/posts"}],"about":[{"href":"https:\/\/goladinha.eu\/blog\/wp-json\/wp\/v2\/types\/post"}],"author":[{"embeddable":true,"href":"https:\/\/goladinha.eu\/blog\/wp-json\/wp\/v2\/users\/1"}],"replies":[{"embeddable":true,"href":"https:\/\/goladinha.eu\/blog\/wp-json\/wp\/v2\/comments?post=29817"}],"version-history":[{"count":2,"href":"https:\/\/goladinha.eu\/blog\/wp-json\/wp\/v2\/posts\/29817\/revisions"}],"predecessor-version":[{"id":29822,"href":"https:\/\/goladinha.eu\/blog\/wp-json\/wp\/v2\/posts\/29817\/revisions\/29822"}],"wp:attachment":[{"href":"https:\/\/goladinha.eu\/blog\/wp-json\/wp\/v2\/media?parent=29817"}],"wp:term":[{"taxonomy":"category","embeddable":true,"href":"https:\/\/goladinha.eu\/blog\/wp-json\/wp\/v2\/categories?post=29817"},{"taxonomy":"post_tag","embeddable":true,"href":"https:\/\/goladinha.eu\/blog\/wp-json\/wp\/v2\/tags?post=29817"}],"curies":[{"name":"wp","href":"https:\/\/api.w.org\/{rel}","templated":true}]}}