{"id":29489,"date":"2024-07-27T20:51:16","date_gmt":"2024-07-27T19:51:16","guid":{"rendered":"https:\/\/goladinha.eu\/blog\/?p=29489"},"modified":"2024-07-27T20:52:17","modified_gmt":"2024-07-27T19:52:17","slug":"die-kraft-der-wellen","status":"publish","type":"post","link":"https:\/\/goladinha.eu\/blog\/2024\/07\/27\/die-kraft-der-wellen\/","title":{"rendered":"Atlantik &#8211; die Kraft der Wellen"},"content":{"rendered":"<p>Sabado <strong>27 de Julho<\/strong> 2024 \u2013 nachts<strong> \u219114<\/strong><br \/>\ntags <strong>\u2193\u219128<\/strong> \u2013 <strong>Sonne <\/strong>\u2013 (1768) \u2013 20-47 Km\/h N-<strong>NW<\/strong><br \/>\nam Meer \u219321 Grad <span style=\"color: #ff6600;\">Sonne<\/span> und <span style=\"color: #808080;\">Bew\u00f6lkung<\/span><\/p>\n<p>Im vergangenem Jahr sind wir diese Schotterpiste zwischen Agua de Madeiros und Sao Pedro de Moel \u00f6fter gefahren &#8211; da war schon ein kleiner Teil des Seitenstreifens abgeschwemmt.<\/p>\n<p><a href=\"https:\/\/goladinha.eu\/blog\/wp-content\/files\/2024\/07\/agua_mad_abbruch1.jpeg\" target=\"_blank\" rel=\"noopener\"><img loading=\"lazy\" decoding=\"async\" class=\"alignnone wp-image-29491 size-medium\" src=\"https:\/\/goladinha.eu\/blog\/wp-content\/files\/2024\/07\/agua_mad_abbruch1-500x375.jpeg\" alt=\"Agua de Madeira, Abbruch, Goladinha, Portugal\" width=\"500\" height=\"375\" srcset=\"https:\/\/goladinha.eu\/blog\/wp-content\/files\/2024\/07\/agua_mad_abbruch1-500x375.jpeg 500w, https:\/\/goladinha.eu\/blog\/wp-content\/files\/2024\/07\/agua_mad_abbruch1-1758x1320.jpeg 1758w, https:\/\/goladinha.eu\/blog\/wp-content\/files\/2024\/07\/agua_mad_abbruch1-768x577.jpeg 768w, https:\/\/goladinha.eu\/blog\/wp-content\/files\/2024\/07\/agua_mad_abbruch1-1536x1154.jpeg 1536w, https:\/\/goladinha.eu\/blog\/wp-content\/files\/2024\/07\/agua_mad_abbruch1.jpeg 2048w\" sizes=\"auto, (max-width: 500px) 100vw, 500px\" \/><\/a><\/p>\n<p>Jetzt k\u00e4me man, w\u00fcrde man zus\u00e4tzlich auch den Gehweg benutzen, gerade noch am Abgrund vorbei &#8211; was aber ziemlich riskant w\u00e4re.<\/p>\n","protected":false},"excerpt":{"rendered":"<p>Sabado 27 de Julho 2024 \u2013 nachts \u219114 tags \u2193\u219128 \u2013 Sonne \u2013 (1768) \u2013 20-47 Km\/h N-NW am Meer \u219321 Grad Sonne und Bew\u00f6lkung Im vergangenem Jahr sind wir diese Schotterpiste zwischen Agua de Madeiros und Sao Pedro de Moel \u00f6fter gefahren &#8211; da war schon ein kleiner Teil des Seitenstreifens abgeschwemmt. Jetzt k\u00e4me [&hellip;]<\/p>\n","protected":false},"author":1,"featured_media":0,"comment_status":"open","ping_status":"closed","sticky":false,"template":"","format":"standard","meta":{"footnotes":""},"categories":[10],"tags":[],"class_list":["post-29489","post","type-post","status-publish","format-standard","hentry","category-allgemein"],"_links":{"self":[{"href":"https:\/\/goladinha.eu\/blog\/wp-json\/wp\/v2\/posts\/29489","targetHints":{"allow":["GET"]}}],"collection":[{"href":"https:\/\/goladinha.eu\/blog\/wp-json\/wp\/v2\/posts"}],"about":[{"href":"https:\/\/goladinha.eu\/blog\/wp-json\/wp\/v2\/types\/post"}],"author":[{"embeddable":true,"href":"https:\/\/goladinha.eu\/blog\/wp-json\/wp\/v2\/users\/1"}],"replies":[{"embeddable":true,"href":"https:\/\/goladinha.eu\/blog\/wp-json\/wp\/v2\/comments?post=29489"}],"version-history":[{"count":5,"href":"https:\/\/goladinha.eu\/blog\/wp-json\/wp\/v2\/posts\/29489\/revisions"}],"predecessor-version":[{"id":29496,"href":"https:\/\/goladinha.eu\/blog\/wp-json\/wp\/v2\/posts\/29489\/revisions\/29496"}],"wp:attachment":[{"href":"https:\/\/goladinha.eu\/blog\/wp-json\/wp\/v2\/media?parent=29489"}],"wp:term":[{"taxonomy":"category","embeddable":true,"href":"https:\/\/goladinha.eu\/blog\/wp-json\/wp\/v2\/categories?post=29489"},{"taxonomy":"post_tag","embeddable":true,"href":"https:\/\/goladinha.eu\/blog\/wp-json\/wp\/v2\/tags?post=29489"}],"curies":[{"name":"wp","href":"https:\/\/api.w.org\/{rel}","templated":true}]}}