{"id":29287,"date":"2024-07-01T21:54:27","date_gmt":"2024-07-01T20:54:27","guid":{"rendered":"https:\/\/goladinha.eu\/blog\/?p=29287"},"modified":"2024-07-01T21:54:27","modified_gmt":"2024-07-01T20:54:27","slug":"wilder-apfelbaum","status":"publish","type":"post","link":"https:\/\/goladinha.eu\/blog\/2024\/07\/01\/wilder-apfelbaum\/","title":{"rendered":"wilder Apfelbaum"},"content":{"rendered":"<p>Segunda 1 de Julho 2024 \u2013 nachts <strong>\u219311<\/strong><br \/>\ntags <strong>\u2191\u219125<\/strong> \u2013 <span style=\"color: #ff6600;\">Sonne<\/span> \u2013 <span style=\"color: #999999;\">Bew\u00f6lkung <\/span>\u2013 (1764) \u2013 17&#8211;37 Km\/h <strong>N<\/strong>-NW<\/p>\n<p>Wenn wir unser Gr\u00fcndst\u00fcck wegen Brandbek\u00e4mpfung mindestens ein mal pro Jahr s\u00e4ubern (m\u00e4hen) achten wir stets darauf keine (wild)heranwachsenden B\u00e4ume &#8222;umzunieten&#8220; &#8211; bis auf Mimosen, die sich invasiv \u00fcber das Land verbreiten.<br \/>\nDieser &#8222;wildgewachsene&#8220; Apfelnaum wird seit 2018 geschont. Mitterweile hat er die stattliche H\u00f6he von 2.50 Meter erreicht &#8211; UND er tr\u00e4gt eine Frucht! Wir werden die Ernte im Herbst testen &#8211; evt. lohnt sich eine Veredelung mit einer schmachhafteren Sorte.<\/p>\n<div id=\"attachment_29289\" style=\"width: 510px\" class=\"wp-caption alignnone\"><a href=\"https:\/\/goladinha.eu\/blog\/wp-content\/files\/2024\/07\/apfelbaum_wild_010724.jpg\" target=\"_blank\" rel=\"noopener\"><img loading=\"lazy\" decoding=\"async\" aria-describedby=\"caption-attachment-29289\" class=\"wp-image-29289 size-medium\" src=\"https:\/\/goladinha.eu\/blog\/wp-content\/files\/2024\/07\/apfelbaum_wild_010724-500x666.jpg\" alt=\"wilderApfelbaum, nachdem Feuer 2017 gewachsen, Goladinha, Portugal\" width=\"500\" height=\"666\" srcset=\"https:\/\/goladinha.eu\/blog\/wp-content\/files\/2024\/07\/apfelbaum_wild_010724-500x666.jpg 500w, https:\/\/goladinha.eu\/blog\/wp-content\/files\/2024\/07\/apfelbaum_wild_010724-991x1320.jpg 991w, https:\/\/goladinha.eu\/blog\/wp-content\/files\/2024\/07\/apfelbaum_wild_010724-768x1023.jpg 768w, https:\/\/goladinha.eu\/blog\/wp-content\/files\/2024\/07\/apfelbaum_wild_010724-1154x1536.jpg 1154w, https:\/\/goladinha.eu\/blog\/wp-content\/files\/2024\/07\/apfelbaum_wild_010724.jpg 1538w\" sizes=\"auto, (max-width: 500px) 100vw, 500px\" \/><\/a><p id=\"caption-attachment-29289\" class=\"wp-caption-text\">Ameisen finden diesen Baum wohl ganz besonders toll &#8211; so toll, dass der Baum seine Bl\u00e4tter &#8222;einkringeln&#8220; musste. Um den Sch\u00e4dlingen Einhalt zu gew\u00e4hren haben wir ein doppelseitiges Klebeband um den Stamm angebracht &#8211; das hat geholfen.<\/p><\/div>\n","protected":false},"excerpt":{"rendered":"<p>Segunda 1 de Julho 2024 \u2013 nachts \u219311 tags \u2191\u219125 \u2013 Sonne \u2013 Bew\u00f6lkung \u2013 (1764) \u2013 17&#8211;37 Km\/h N-NW Wenn wir unser Gr\u00fcndst\u00fcck wegen Brandbek\u00e4mpfung mindestens ein mal pro Jahr s\u00e4ubern (m\u00e4hen) achten wir stets darauf keine (wild)heranwachsenden B\u00e4ume &#8222;umzunieten&#8220; &#8211; bis auf Mimosen, die sich invasiv \u00fcber das Land verbreiten. Dieser &#8222;wildgewachsene&#8220; Apfelnaum [&hellip;]<\/p>\n","protected":false},"author":1,"featured_media":0,"comment_status":"open","ping_status":"closed","sticky":false,"template":"","format":"standard","meta":{"footnotes":""},"categories":[10],"tags":[],"class_list":["post-29287","post","type-post","status-publish","format-standard","hentry","category-allgemein"],"_links":{"self":[{"href":"https:\/\/goladinha.eu\/blog\/wp-json\/wp\/v2\/posts\/29287","targetHints":{"allow":["GET"]}}],"collection":[{"href":"https:\/\/goladinha.eu\/blog\/wp-json\/wp\/v2\/posts"}],"about":[{"href":"https:\/\/goladinha.eu\/blog\/wp-json\/wp\/v2\/types\/post"}],"author":[{"embeddable":true,"href":"https:\/\/goladinha.eu\/blog\/wp-json\/wp\/v2\/users\/1"}],"replies":[{"embeddable":true,"href":"https:\/\/goladinha.eu\/blog\/wp-json\/wp\/v2\/comments?post=29287"}],"version-history":[{"count":5,"href":"https:\/\/goladinha.eu\/blog\/wp-json\/wp\/v2\/posts\/29287\/revisions"}],"predecessor-version":[{"id":29293,"href":"https:\/\/goladinha.eu\/blog\/wp-json\/wp\/v2\/posts\/29287\/revisions\/29293"}],"wp:attachment":[{"href":"https:\/\/goladinha.eu\/blog\/wp-json\/wp\/v2\/media?parent=29287"}],"wp:term":[{"taxonomy":"category","embeddable":true,"href":"https:\/\/goladinha.eu\/blog\/wp-json\/wp\/v2\/categories?post=29287"},{"taxonomy":"post_tag","embeddable":true,"href":"https:\/\/goladinha.eu\/blog\/wp-json\/wp\/v2\/tags?post=29287"}],"curies":[{"name":"wp","href":"https:\/\/api.w.org\/{rel}","templated":true}]}}