{"id":26961,"date":"2023-11-15T22:16:38","date_gmt":"2023-11-15T22:16:38","guid":{"rendered":"https:\/\/goladinha.eu\/blog\/?p=26961"},"modified":"2023-11-15T22:16:38","modified_gmt":"2023-11-15T22:16:38","slug":"grosses-maigloeckchen","status":"publish","type":"post","link":"https:\/\/goladinha.eu\/blog\/2023\/11\/15\/grosses-maigloeckchen\/","title":{"rendered":"grosses Maigl\u00f6ckchen"},"content":{"rendered":"<p><strong>Quarta 15 <\/strong>de <strong>Novembro <\/strong>2023 <strong>\u2013 <\/strong>nachts <strong>\u21938<\/strong><br \/>\ntags\u00a0<strong>\u219120 \u2013 <\/strong><span style=\"color: #ff6600;\">Sonne <\/span><strong>\u2013 <\/strong><span style=\"color: #808080;\">Bew\u00f6lkung <\/span><strong>\u2013 <\/strong>(752) \u2013 7-16 km\/h \u2013 NO-O-W-<strong>NW<\/strong>-N<\/p>\n<p>Die <a href=\"https:\/\/goladinha.eu\/blog\/index.php?s=palmlilien\" target=\"_blank\" rel=\"noopener\">Palmlilien<\/a> \u00f6ffnen ihre Bl\u00fcten aufgrund des veregneten Herbstes in diesem Jahr sehr viel sp\u00e4ter. Die kommenden zwei Wochen soll sich nun die Sonne zeigen &#8211; die Geduld des Spargelgew\u00e4chse hat sich also gelohnt.<\/p>\n<div id=\"attachment_26963\" style=\"width: 510px\" class=\"wp-caption alignnone\"><a href=\"https:\/\/goladinha.eu\/blog\/wp-content\/files\/2023\/11\/palmlilie_bluete_151123.jpg\" target=\"_blank\" rel=\"noopener\"><img loading=\"lazy\" decoding=\"async\" aria-describedby=\"caption-attachment-26963\" class=\"wp-image-26963 size-medium\" src=\"https:\/\/goladinha.eu\/blog\/wp-content\/files\/2023\/11\/palmlilie_bluete_151123-500x376.jpg\" alt=\"Palmlilie, Yucca, Spargelgew\u00e4chs, Bl\u00fcte, Goladinha, Portugal\" width=\"500\" height=\"376\" srcset=\"https:\/\/goladinha.eu\/blog\/wp-content\/files\/2023\/11\/palmlilie_bluete_151123-500x376.jpg 500w, https:\/\/goladinha.eu\/blog\/wp-content\/files\/2023\/11\/palmlilie_bluete_151123-1758x1320.jpg 1758w, https:\/\/goladinha.eu\/blog\/wp-content\/files\/2023\/11\/palmlilie_bluete_151123-768x577.jpg 768w, https:\/\/goladinha.eu\/blog\/wp-content\/files\/2023\/11\/palmlilie_bluete_151123-1536x1154.jpg 1536w, https:\/\/goladinha.eu\/blog\/wp-content\/files\/2023\/11\/palmlilie_bluete_151123.jpg 1920w\" sizes=\"auto, (max-width: 500px) 100vw, 500px\" \/><\/a><p id=\"caption-attachment-26963\" class=\"wp-caption-text\">&#8222;In rispigen Bl\u00fctenst\u00e4nden, die wie ein <strong>gro\u00dfes Maigl\u00f6ckchen<\/strong> aussehen, stehen viele Bl\u00fcten zusammen&#8220; &#8211;<a href=\"https:\/\/de.wikipedia.org\/wiki\/Palmlilien\" target=\"_blank\" rel=\"noopener\"> siehe WIKIPEDIA Beschreibung<\/a><\/p><\/div>\n","protected":false},"excerpt":{"rendered":"<p>Quarta 15 de Novembro 2023 \u2013 nachts \u21938 tags\u00a0\u219120 \u2013 Sonne \u2013 Bew\u00f6lkung \u2013 (752) \u2013 7-16 km\/h \u2013 NO-O-W-NW-N Die Palmlilien \u00f6ffnen ihre Bl\u00fcten aufgrund des veregneten Herbstes in diesem Jahr sehr viel sp\u00e4ter. Die kommenden zwei Wochen soll sich nun die Sonne zeigen &#8211; die Geduld des Spargelgew\u00e4chse hat sich also gelohnt.<\/p>\n","protected":false},"author":1,"featured_media":0,"comment_status":"open","ping_status":"closed","sticky":false,"template":"","format":"standard","meta":{"footnotes":""},"categories":[10],"tags":[],"class_list":["post-26961","post","type-post","status-publish","format-standard","hentry","category-allgemein"],"_links":{"self":[{"href":"https:\/\/goladinha.eu\/blog\/wp-json\/wp\/v2\/posts\/26961","targetHints":{"allow":["GET"]}}],"collection":[{"href":"https:\/\/goladinha.eu\/blog\/wp-json\/wp\/v2\/posts"}],"about":[{"href":"https:\/\/goladinha.eu\/blog\/wp-json\/wp\/v2\/types\/post"}],"author":[{"embeddable":true,"href":"https:\/\/goladinha.eu\/blog\/wp-json\/wp\/v2\/users\/1"}],"replies":[{"embeddable":true,"href":"https:\/\/goladinha.eu\/blog\/wp-json\/wp\/v2\/comments?post=26961"}],"version-history":[{"count":6,"href":"https:\/\/goladinha.eu\/blog\/wp-json\/wp\/v2\/posts\/26961\/revisions"}],"predecessor-version":[{"id":26969,"href":"https:\/\/goladinha.eu\/blog\/wp-json\/wp\/v2\/posts\/26961\/revisions\/26969"}],"wp:attachment":[{"href":"https:\/\/goladinha.eu\/blog\/wp-json\/wp\/v2\/media?parent=26961"}],"wp:term":[{"taxonomy":"category","embeddable":true,"href":"https:\/\/goladinha.eu\/blog\/wp-json\/wp\/v2\/categories?post=26961"},{"taxonomy":"post_tag","embeddable":true,"href":"https:\/\/goladinha.eu\/blog\/wp-json\/wp\/v2\/tags?post=26961"}],"curies":[{"name":"wp","href":"https:\/\/api.w.org\/{rel}","templated":true}]}}