{"id":26804,"date":"2023-10-31T22:11:14","date_gmt":"2023-10-31T22:11:14","guid":{"rendered":"https:\/\/goladinha.eu\/blog\/?p=26804"},"modified":"2023-11-01T06:53:11","modified_gmt":"2023-11-01T06:53:11","slug":"zantedeschien-calla","status":"publish","type":"post","link":"https:\/\/goladinha.eu\/blog\/2023\/10\/31\/zantedeschien-calla\/","title":{"rendered":"Zantedeschien\/Calla"},"content":{"rendered":"<p><strong>Terca 31 <\/strong>de <strong>Outubro <\/strong>2023 <strong>\u2013 <\/strong>nachts \u21918<br \/>\ntags \u2191\u219315\u00a0 <span style=\"color: #808080;\"><strong>Bew\u00f6lkung <\/strong><\/span>\u2013 <span style=\"color: #ff6600;\">Sonne<\/span>\u00a0 (471) \u2013 18-38 km\/h \u2013 O-SO-<strong>S<\/strong><\/p>\n<p>Der Stadtwald in Figueiro dos Vinhos wurde die letzten Jahre immer &#8222;sch\u00f6n sauber gehalten&#8220; &#8211;\u00a0 junge Mimosen, Brombeerstr\u00e4ucher, Gestr\u00fcpp und hohe Gr\u00e4ser werden zwischen den B\u00e4umen und an den Wegr\u00e4ndern abgem\u00e4ht. Da erwischt es auch die <a href=\"https:\/\/de.wikipedia.org\/wiki\/Zantedeschien\" target=\"_blank\" rel=\"noopener\">Calla<\/a> die sich an einer Stelle \u00fcppig breit macht. In den trockenen Sommermonaten bleibt dann alles braun.<\/p>\n<div id=\"attachment_26806\" style=\"width: 510px\" class=\"wp-caption alignnone\"><a href=\"https:\/\/goladinha.eu\/blog\/wp-content\/files\/2023\/10\/calla_fdv_wald_311023-scaled.jpg\" target=\"_blank\" rel=\"noopener\"><img loading=\"lazy\" decoding=\"async\" aria-describedby=\"caption-attachment-26806\" class=\"wp-image-26806 size-medium\" src=\"https:\/\/goladinha.eu\/blog\/wp-content\/files\/2023\/10\/calla_fdv_wald_311023-500x375.jpg\" alt=\"Zantedeschien, Calla, Stadtwald Figueiro dos Vinhos, Goladinha, Portugal\" width=\"500\" height=\"375\" srcset=\"https:\/\/goladinha.eu\/blog\/wp-content\/files\/2023\/10\/calla_fdv_wald_311023-500x375.jpg 500w, https:\/\/goladinha.eu\/blog\/wp-content\/files\/2023\/10\/calla_fdv_wald_311023-1760x1320.jpg 1760w, https:\/\/goladinha.eu\/blog\/wp-content\/files\/2023\/10\/calla_fdv_wald_311023-768x576.jpg 768w, https:\/\/goladinha.eu\/blog\/wp-content\/files\/2023\/10\/calla_fdv_wald_311023-1536x1152.jpg 1536w, https:\/\/goladinha.eu\/blog\/wp-content\/files\/2023\/10\/calla_fdv_wald_311023-2048x1536.jpg 2048w\" sizes=\"auto, (max-width: 500px) 100vw, 500px\" \/><\/a><p id=\"caption-attachment-26806\" class=\"wp-caption-text\">Jetzt nach den zahlreichen Niederschl\u00e4gen ist sie die erste die wieder zum Leben erweckt &#8211; noch vor der Brombeere.<\/p><\/div>\n","protected":false},"excerpt":{"rendered":"<p>Terca 31 de Outubro 2023 \u2013 nachts \u21918 tags \u2191\u219315\u00a0 Bew\u00f6lkung \u2013 Sonne\u00a0 (471) \u2013 18-38 km\/h \u2013 O-SO-S Der Stadtwald in Figueiro dos Vinhos wurde die letzten Jahre immer &#8222;sch\u00f6n sauber gehalten&#8220; &#8211;\u00a0 junge Mimosen, Brombeerstr\u00e4ucher, Gestr\u00fcpp und hohe Gr\u00e4ser werden zwischen den B\u00e4umen und an den Wegr\u00e4ndern abgem\u00e4ht. Da erwischt es auch die [&hellip;]<\/p>\n","protected":false},"author":1,"featured_media":0,"comment_status":"open","ping_status":"closed","sticky":false,"template":"","format":"standard","meta":{"footnotes":""},"categories":[10],"tags":[],"class_list":["post-26804","post","type-post","status-publish","format-standard","hentry","category-allgemein"],"_links":{"self":[{"href":"https:\/\/goladinha.eu\/blog\/wp-json\/wp\/v2\/posts\/26804","targetHints":{"allow":["GET"]}}],"collection":[{"href":"https:\/\/goladinha.eu\/blog\/wp-json\/wp\/v2\/posts"}],"about":[{"href":"https:\/\/goladinha.eu\/blog\/wp-json\/wp\/v2\/types\/post"}],"author":[{"embeddable":true,"href":"https:\/\/goladinha.eu\/blog\/wp-json\/wp\/v2\/users\/1"}],"replies":[{"embeddable":true,"href":"https:\/\/goladinha.eu\/blog\/wp-json\/wp\/v2\/comments?post=26804"}],"version-history":[{"count":5,"href":"https:\/\/goladinha.eu\/blog\/wp-json\/wp\/v2\/posts\/26804\/revisions"}],"predecessor-version":[{"id":26812,"href":"https:\/\/goladinha.eu\/blog\/wp-json\/wp\/v2\/posts\/26804\/revisions\/26812"}],"wp:attachment":[{"href":"https:\/\/goladinha.eu\/blog\/wp-json\/wp\/v2\/media?parent=26804"}],"wp:term":[{"taxonomy":"category","embeddable":true,"href":"https:\/\/goladinha.eu\/blog\/wp-json\/wp\/v2\/categories?post=26804"},{"taxonomy":"post_tag","embeddable":true,"href":"https:\/\/goladinha.eu\/blog\/wp-json\/wp\/v2\/tags?post=26804"}],"curies":[{"name":"wp","href":"https:\/\/api.w.org\/{rel}","templated":true}]}}