{"id":26630,"date":"2023-10-15T23:02:16","date_gmt":"2023-10-15T22:02:16","guid":{"rendered":"https:\/\/goladinha.eu\/blog\/?p=26630"},"modified":"2023-11-04T18:29:26","modified_gmt":"2023-11-04T18:29:26","slug":"descance-em-paz","status":"publish","type":"post","link":"https:\/\/goladinha.eu\/blog\/2023\/10\/15\/descance-em-paz\/","title":{"rendered":"Descance em paz !"},"content":{"rendered":"<p><strong>Domingo 15 <\/strong>de <strong>Outubro <\/strong>2023 <strong>\u2013 <\/strong>nachts \u2193\u219312<br \/>\ntags \u219319 <strong><span style=\"color: #808080;\">Bew\u00f6lkung<\/span> <\/strong>\u2013\u00a0 <span style=\"color: #0000ff;\"><strong>7 mm<\/strong> Regen<\/span> (<span style=\"color: #3366ff;\">78<\/span>) \u2013 15-35 km\/h \u2013 SO-<strong>S<\/strong>-SW<\/p>\n<p>Im Caf\u00e9 Lido in Pedrogao Grande h\u00e4ngt dieser Nachruf \u00fcber &#8222;Maria&#8220;, einer Deutschen, die in Wirklichkeit anders hiess. Aber unter der portugieschen Bev\u00f6lkerung wurde sie Maria genannt &#8211; im Freundeskreis besass sie den Spitznamen P\u00fclly.<br \/>\nWir lernten sie bereits 1995 kennen als wir das erste mal in Pedrogao Grande waren um unser sp\u00e4teres Feriengrundst\u00fcck zu besichtigen. Das Jahr darauf dolmetschte P\u00fclli den notariellen Kaufvertrag bei der Beurkundung und sie wurde unsere Nachbarin. Fortan begegneten wir uns ein mal pro Jahr wenn wir die grossen Ferien auf unserem Grundst\u00fcck verbrachten. Unsere Kinder waren oft bei ihr zu Besuch und es entsatnd eine Freundschaft. Nachdem sie ca. 40 Jahre in Portugal lebte verbrachte sie krankheitsbedingt die letzten Jahre ihres Lebens in Deutschland bei ihrer Familie.<\/p>\n<div id=\"attachment_26632\" style=\"width: 510px\" class=\"wp-caption alignnone\"><a href=\"https:\/\/goladinha.eu\/blog\/wp-content\/files\/2023\/10\/puelli_maria_151023-scaled.jpg\" target=\"_blank\" rel=\"noopener\"><img loading=\"lazy\" decoding=\"async\" aria-describedby=\"caption-attachment-26632\" class=\"wp-image-26632 size-medium\" src=\"https:\/\/goladinha.eu\/blog\/wp-content\/files\/2023\/10\/puelli_maria_151023-500x589.jpg\" alt=\"P\u00fclli, Maria, Pedrogao Grande, Goladinha, Portugal\" width=\"500\" height=\"589\" srcset=\"https:\/\/goladinha.eu\/blog\/wp-content\/files\/2023\/10\/puelli_maria_151023-500x589.jpg 500w, https:\/\/goladinha.eu\/blog\/wp-content\/files\/2023\/10\/puelli_maria_151023-1120x1320.jpg 1120w, https:\/\/goladinha.eu\/blog\/wp-content\/files\/2023\/10\/puelli_maria_151023-768x905.jpg 768w, https:\/\/goladinha.eu\/blog\/wp-content\/files\/2023\/10\/puelli_maria_151023-1303x1536.jpg 1303w, https:\/\/goladinha.eu\/blog\/wp-content\/files\/2023\/10\/puelli_maria_151023-1738x2048.jpg 1738w\" sizes=\"auto, (max-width: 500px) 100vw, 500px\" \/><\/a><p id=\"caption-attachment-26632\" class=\"wp-caption-text\"><em>Wir haben unsere &#8222;Maria&#8220; verloren, die am 12. Juli verstorben ist.<\/em><br \/><em>Sie war eine unerm\u00fcdliche Arbeiterin, eine wahre Freundin, die von allen verehrt wurde.<\/em><br \/><em>Ruhe in Frieden!<\/em><\/p><\/div>\n","protected":false},"excerpt":{"rendered":"<p>Domingo 15 de Outubro 2023 \u2013 nachts \u2193\u219312 tags \u219319 Bew\u00f6lkung \u2013\u00a0 7 mm Regen (78) \u2013 15-35 km\/h \u2013 SO-S-SW Im Caf\u00e9 Lido in Pedrogao Grande h\u00e4ngt dieser Nachruf \u00fcber &#8222;Maria&#8220;, einer Deutschen, die in Wirklichkeit anders hiess. Aber unter der portugieschen Bev\u00f6lkerung wurde sie Maria genannt &#8211; im Freundeskreis besass sie den Spitznamen [&hellip;]<\/p>\n","protected":false},"author":1,"featured_media":0,"comment_status":"open","ping_status":"closed","sticky":false,"template":"","format":"standard","meta":{"footnotes":""},"categories":[10],"tags":[],"class_list":["post-26630","post","type-post","status-publish","format-standard","hentry","category-allgemein"],"_links":{"self":[{"href":"https:\/\/goladinha.eu\/blog\/wp-json\/wp\/v2\/posts\/26630","targetHints":{"allow":["GET"]}}],"collection":[{"href":"https:\/\/goladinha.eu\/blog\/wp-json\/wp\/v2\/posts"}],"about":[{"href":"https:\/\/goladinha.eu\/blog\/wp-json\/wp\/v2\/types\/post"}],"author":[{"embeddable":true,"href":"https:\/\/goladinha.eu\/blog\/wp-json\/wp\/v2\/users\/1"}],"replies":[{"embeddable":true,"href":"https:\/\/goladinha.eu\/blog\/wp-json\/wp\/v2\/comments?post=26630"}],"version-history":[{"count":9,"href":"https:\/\/goladinha.eu\/blog\/wp-json\/wp\/v2\/posts\/26630\/revisions"}],"predecessor-version":[{"id":26850,"href":"https:\/\/goladinha.eu\/blog\/wp-json\/wp\/v2\/posts\/26630\/revisions\/26850"}],"wp:attachment":[{"href":"https:\/\/goladinha.eu\/blog\/wp-json\/wp\/v2\/media?parent=26630"}],"wp:term":[{"taxonomy":"category","embeddable":true,"href":"https:\/\/goladinha.eu\/blog\/wp-json\/wp\/v2\/categories?post=26630"},{"taxonomy":"post_tag","embeddable":true,"href":"https:\/\/goladinha.eu\/blog\/wp-json\/wp\/v2\/tags?post=26630"}],"curies":[{"name":"wp","href":"https:\/\/api.w.org\/{rel}","templated":true}]}}