{"id":26359,"date":"2023-09-17T20:21:41","date_gmt":"2023-09-17T19:21:41","guid":{"rendered":"https:\/\/goladinha.eu\/blog\/?p=26359"},"modified":"2023-09-17T20:21:41","modified_gmt":"2023-09-17T19:21:41","slug":"regentag-a-la-april","status":"publish","type":"post","link":"https:\/\/goladinha.eu\/blog\/2023\/09\/17\/regentag-a-la-april\/","title":{"rendered":"Regentag \u00e0 la April"},"content":{"rendered":"<p><strong>Domingo 17 <\/strong>de <strong>Setembro <\/strong>2023 <strong>\u2013 nachts \u219312 \u2013 <\/strong><span style=\"color: #0000ff;\">2 L\/m\u00b2 Regen<\/span><br \/>\n<strong>tags\u00a0<\/strong><strong>\u219318 \u2013 <span style=\"color: #808080;\">Bew\u00f6lkung<\/span><\/strong> \u2013 <span style=\"color: #ff6600;\">vereinzelt Sonne<\/span> \u2013\u00a0<span style=\"color: #0000ff;\"><strong> 15 L\/m\u00b2<\/strong> <strong>Regen<\/strong><\/span> (<span style=\"color: #3366ff;\">55<\/span>) \u201332-68 km\/h<strong>\u2013<\/strong>S-SW<\/p>\n<p>Regentage sind Tage an denen man sich besser hinter dem Ofen verkriecht &#8211; falls der Ofen angefacht wurde. Aber dazu ist es noch nicht kalt genug. Aus den <a href=\"https:\/\/goladinha.eu\/blog\/2023\/09\/16\/entwaesserungsgraeben\/\" target=\"_blank\" rel=\"noopener\">vorausgesagten 32 Liter\/m\u00b2 Niederschlag ist nichts geworden<\/a>\u00a0 es waren grad mal 15 Liter tags\u00fcber. Trotzdem macht sich das Fl\u00fcsschen akustisch wieder st\u00e4rker bemerkbar und der Wasserpegel ist auch etwas angestiegen.<\/p>\n<div id=\"attachment_26362\" style=\"width: 510px\" class=\"wp-caption alignnone\"><a href=\"https:\/\/goladinha.eu\/blog\/wp-content\/files\/2023\/09\/regentag_170923-scaled.jpg\" target=\"_blank\" rel=\"noopener\"><img loading=\"lazy\" decoding=\"async\" aria-describedby=\"caption-attachment-26362\" class=\"wp-image-26362 size-medium\" src=\"https:\/\/goladinha.eu\/blog\/wp-content\/files\/2023\/09\/regentag_170923-500x375.jpg\" alt=\"Aprilwetter, Regen, Sonnenschein, Goladinha, Portugal\" width=\"500\" height=\"375\" srcset=\"https:\/\/goladinha.eu\/blog\/wp-content\/files\/2023\/09\/regentag_170923-500x375.jpg 500w, https:\/\/goladinha.eu\/blog\/wp-content\/files\/2023\/09\/regentag_170923-1760x1320.jpg 1760w, https:\/\/goladinha.eu\/blog\/wp-content\/files\/2023\/09\/regentag_170923-768x576.jpg 768w, https:\/\/goladinha.eu\/blog\/wp-content\/files\/2023\/09\/regentag_170923-1536x1152.jpg 1536w, https:\/\/goladinha.eu\/blog\/wp-content\/files\/2023\/09\/regentag_170923-2048x1536.jpg 2048w\" sizes=\"auto, (max-width: 500px) 100vw, 500px\" \/><\/a><p id=\"caption-attachment-26362\" class=\"wp-caption-text\">So sah es aus als Regen fiel<\/p><\/div>\n<div id=\"attachment_26363\" style=\"width: 510px\" class=\"wp-caption alignnone\"><a href=\"https:\/\/goladinha.eu\/blog\/wp-content\/files\/2023\/09\/regentag_sonne_170923-scaled.jpg\" target=\"_blank\" rel=\"noopener\"><img loading=\"lazy\" decoding=\"async\" aria-describedby=\"caption-attachment-26363\" class=\"wp-image-26363 size-medium\" src=\"https:\/\/goladinha.eu\/blog\/wp-content\/files\/2023\/09\/regentag_sonne_170923-500x375.jpg\" alt=\"Aprilwetter, Regen, Sonnenschein, Goladinha, Portugal\" width=\"500\" height=\"375\" srcset=\"https:\/\/goladinha.eu\/blog\/wp-content\/files\/2023\/09\/regentag_sonne_170923-500x375.jpg 500w, https:\/\/goladinha.eu\/blog\/wp-content\/files\/2023\/09\/regentag_sonne_170923-1760x1320.jpg 1760w, https:\/\/goladinha.eu\/blog\/wp-content\/files\/2023\/09\/regentag_sonne_170923-768x576.jpg 768w, https:\/\/goladinha.eu\/blog\/wp-content\/files\/2023\/09\/regentag_sonne_170923-1536x1152.jpg 1536w, https:\/\/goladinha.eu\/blog\/wp-content\/files\/2023\/09\/regentag_sonne_170923-2048x1536.jpg 2048w\" sizes=\"auto, (max-width: 500px) 100vw, 500px\" \/><\/a><p id=\"caption-attachment-26363\" class=\"wp-caption-text\">Und so sah es w\u00e4hrend einer Regenpause aus wenn die Sonne mal kurz und zaghaft die Wolken durchdrang.<\/p><\/div>\n","protected":false},"excerpt":{"rendered":"<p>Domingo 17 de Setembro 2023 \u2013 nachts \u219312 \u2013 2 L\/m\u00b2 Regen tags\u00a0\u219318 \u2013 Bew\u00f6lkung \u2013 vereinzelt Sonne \u2013\u00a0 15 L\/m\u00b2 Regen (55) \u201332-68 km\/h\u2013S-SW Regentage sind Tage an denen man sich besser hinter dem Ofen verkriecht &#8211; falls der Ofen angefacht wurde. Aber dazu ist es noch nicht kalt genug. Aus den vorausgesagten 32 [&hellip;]<\/p>\n","protected":false},"author":1,"featured_media":0,"comment_status":"open","ping_status":"closed","sticky":false,"template":"","format":"standard","meta":{"footnotes":""},"categories":[10],"tags":[],"class_list":["post-26359","post","type-post","status-publish","format-standard","hentry","category-allgemein"],"_links":{"self":[{"href":"https:\/\/goladinha.eu\/blog\/wp-json\/wp\/v2\/posts\/26359","targetHints":{"allow":["GET"]}}],"collection":[{"href":"https:\/\/goladinha.eu\/blog\/wp-json\/wp\/v2\/posts"}],"about":[{"href":"https:\/\/goladinha.eu\/blog\/wp-json\/wp\/v2\/types\/post"}],"author":[{"embeddable":true,"href":"https:\/\/goladinha.eu\/blog\/wp-json\/wp\/v2\/users\/1"}],"replies":[{"embeddable":true,"href":"https:\/\/goladinha.eu\/blog\/wp-json\/wp\/v2\/comments?post=26359"}],"version-history":[{"count":6,"href":"https:\/\/goladinha.eu\/blog\/wp-json\/wp\/v2\/posts\/26359\/revisions"}],"predecessor-version":[{"id":26369,"href":"https:\/\/goladinha.eu\/blog\/wp-json\/wp\/v2\/posts\/26359\/revisions\/26369"}],"wp:attachment":[{"href":"https:\/\/goladinha.eu\/blog\/wp-json\/wp\/v2\/media?parent=26359"}],"wp:term":[{"taxonomy":"category","embeddable":true,"href":"https:\/\/goladinha.eu\/blog\/wp-json\/wp\/v2\/categories?post=26359"},{"taxonomy":"post_tag","embeddable":true,"href":"https:\/\/goladinha.eu\/blog\/wp-json\/wp\/v2\/tags?post=26359"}],"curies":[{"name":"wp","href":"https:\/\/api.w.org\/{rel}","templated":true}]}}