{"id":25923,"date":"2023-07-29T22:02:56","date_gmt":"2023-07-29T21:02:56","guid":{"rendered":"https:\/\/goladinha.eu\/blog\/?p=25923"},"modified":"2023-07-29T22:08:20","modified_gmt":"2023-07-29T21:08:20","slug":"internationale-antiquitaetenmesse-aljubarrota","status":"publish","type":"post","link":"https:\/\/goladinha.eu\/blog\/2023\/07\/29\/internationale-antiquitaetenmesse-aljubarrota\/","title":{"rendered":"Internationale Antiquit\u00e4tenmesse Aljubarrota"},"content":{"rendered":"<p><strong>Sabado 29<\/strong> de <strong>Julho <\/strong>2023 <strong>\u2013 nachts<\/strong> \u219114<br \/>\n<strong>tags \u2191\u219328 <\/strong><strong>\u2013 <span style=\"color: #ff6600;\">Sonne <\/span><\/strong>&#8211; leichte Bew\u00f6lkung (1383) \u2013 21-40 km\/h N-<strong>NW<\/strong><\/p>\n<p>Dieses Wochenende findet zum 6. mal die Internationale Antiquit\u00e4tenmesse in <a href=\"https:\/\/de.wikipedia.org\/wiki\/Aljubarrota\" target=\"_blank\" rel=\"noopener\">Aljubarrota<\/a> statt.<br \/>\nAntiquit\u00e4tenkenner, H\u00e4ndler, Sammler aber auch interessiertes Publikum durchstreift 3 Tage lang die historische Kleinstadt &#8211; in zahlreichen Strassen, Gassen und L\u00e4den findet sich angefangen von der chinesischen Vase, \u00fcber historische Gebrauchsgegenst\u00e4nde, M\u00f6bel, Ger\u00e4te, Fahrzeuge fast alles was sich irgendwie transportieren l\u00e4sst.<br \/>\nWir z\u00e4hlten zur letztgenannten Personengruppe die angereist war. Bei den Dingen die uns gefielen wurde jeweils ein Preis von mehren Hundert Euro genannt &#8211; so gingen wir mit leeren H\u00e4nden nach Hause und das war gut so.<\/p>\n<div id=\"attachment_25924\" style=\"width: 510px\" class=\"wp-caption alignnone\"><a href=\"https:\/\/goladinha.eu\/blog\/wp-content\/files\/2023\/07\/flohmarkt_aljubarrota1_2907-scaled.jpg\" target=\"_blank\" rel=\"noopener\"><img loading=\"lazy\" decoding=\"async\" aria-describedby=\"caption-attachment-25924\" class=\"wp-image-25924 size-medium\" src=\"https:\/\/goladinha.eu\/blog\/wp-content\/files\/2023\/07\/flohmarkt_aljubarrota1_2907-500x375.jpg\" alt=\"Antiquit\u00e4tenmesse Aljubarrota, Flohmarkt, Goladinha, Portugal\" width=\"500\" height=\"375\" srcset=\"https:\/\/goladinha.eu\/blog\/wp-content\/files\/2023\/07\/flohmarkt_aljubarrota1_2907-500x375.jpg 500w, https:\/\/goladinha.eu\/blog\/wp-content\/files\/2023\/07\/flohmarkt_aljubarrota1_2907-1760x1320.jpg 1760w, https:\/\/goladinha.eu\/blog\/wp-content\/files\/2023\/07\/flohmarkt_aljubarrota1_2907-768x576.jpg 768w, https:\/\/goladinha.eu\/blog\/wp-content\/files\/2023\/07\/flohmarkt_aljubarrota1_2907-1536x1152.jpg 1536w, https:\/\/goladinha.eu\/blog\/wp-content\/files\/2023\/07\/flohmarkt_aljubarrota1_2907-2048x1536.jpg 2048w\" sizes=\"auto, (max-width: 500px) 100vw, 500px\" \/><\/a><p id=\"caption-attachment-25924\" class=\"wp-caption-text\">Antiquit\u00e4tenmesse Aljubarrota<\/p><\/div>\n<div id=\"attachment_25925\" style=\"width: 510px\" class=\"wp-caption alignnone\"><a href=\"https:\/\/goladinha.eu\/blog\/wp-content\/files\/2023\/07\/flohmar_aljubarrota2_290723-scaled.jpg\" target=\"_blank\" rel=\"noopener\"><img loading=\"lazy\" decoding=\"async\" aria-describedby=\"caption-attachment-25925\" class=\"wp-image-25925 size-medium\" src=\"https:\/\/goladinha.eu\/blog\/wp-content\/files\/2023\/07\/flohmar_aljubarrota2_290723-500x375.jpg\" alt=\"Antiquit\u00e4tenmesse Aljubarrota, Flohmarkt, Goladinha, Portugal\" width=\"500\" height=\"375\" srcset=\"https:\/\/goladinha.eu\/blog\/wp-content\/files\/2023\/07\/flohmar_aljubarrota2_290723-500x375.jpg 500w, https:\/\/goladinha.eu\/blog\/wp-content\/files\/2023\/07\/flohmar_aljubarrota2_290723-1760x1320.jpg 1760w, https:\/\/goladinha.eu\/blog\/wp-content\/files\/2023\/07\/flohmar_aljubarrota2_290723-768x576.jpg 768w, https:\/\/goladinha.eu\/blog\/wp-content\/files\/2023\/07\/flohmar_aljubarrota2_290723-1536x1152.jpg 1536w, https:\/\/goladinha.eu\/blog\/wp-content\/files\/2023\/07\/flohmar_aljubarrota2_290723-2048x1536.jpg 2048w\" sizes=\"auto, (max-width: 500px) 100vw, 500px\" \/><\/a><p id=\"caption-attachment-25925\" class=\"wp-caption-text\">Antiquit\u00e4tenmesse Aljubarrota 2023<\/p><\/div>\n<div id=\"attachment_25926\" style=\"width: 510px\" class=\"wp-caption alignnone\"><a href=\"https:\/\/goladinha.eu\/blog\/wp-content\/files\/2023\/07\/flohmar_aljubarrota3_290723-scaled.jpg\" target=\"_blank\" rel=\"noopener\"><img loading=\"lazy\" decoding=\"async\" aria-describedby=\"caption-attachment-25926\" class=\"wp-image-25926 size-medium\" src=\"https:\/\/goladinha.eu\/blog\/wp-content\/files\/2023\/07\/flohmar_aljubarrota3_290723-500x343.jpg\" alt=\"Antiquit\u00e4tenmesse Aljubarrota, Flohmarkt, Goladinha, Portugal\" width=\"500\" height=\"343\" srcset=\"https:\/\/goladinha.eu\/blog\/wp-content\/files\/2023\/07\/flohmar_aljubarrota3_290723-500x343.jpg 500w, https:\/\/goladinha.eu\/blog\/wp-content\/files\/2023\/07\/flohmar_aljubarrota3_290723-1920x1316.jpg 1920w, https:\/\/goladinha.eu\/blog\/wp-content\/files\/2023\/07\/flohmar_aljubarrota3_290723-768x527.jpg 768w, https:\/\/goladinha.eu\/blog\/wp-content\/files\/2023\/07\/flohmar_aljubarrota3_290723-1536x1053.jpg 1536w, https:\/\/goladinha.eu\/blog\/wp-content\/files\/2023\/07\/flohmar_aljubarrota3_290723-2048x1404.jpg 2048w\" sizes=\"auto, (max-width: 500px) 100vw, 500px\" \/><\/a><p id=\"caption-attachment-25926\" class=\"wp-caption-text\">Antiquit\u00e4tenmesse Aljubarrota 2023<\/p><\/div>\n<div id=\"attachment_25928\" style=\"width: 510px\" class=\"wp-caption alignnone\"><a href=\"https:\/\/goladinha.eu\/blog\/wp-content\/files\/2023\/07\/flohmar_aljubarrota5_290723.jpg\" target=\"_blank\" rel=\"noopener\"><img loading=\"lazy\" decoding=\"async\" aria-describedby=\"caption-attachment-25928\" class=\"wp-image-25928 size-medium\" src=\"https:\/\/goladinha.eu\/blog\/wp-content\/files\/2023\/07\/flohmar_aljubarrota5_290723-500x349.jpg\" alt=\"Antiquit\u00e4tenmesse Aljubarrota, Flohmarkt, Goladinha, Portugal\" width=\"500\" height=\"349\" srcset=\"https:\/\/goladinha.eu\/blog\/wp-content\/files\/2023\/07\/flohmar_aljubarrota5_290723-500x349.jpg 500w, https:\/\/goladinha.eu\/blog\/wp-content\/files\/2023\/07\/flohmar_aljubarrota5_290723-768x537.jpg 768w, https:\/\/goladinha.eu\/blog\/wp-content\/files\/2023\/07\/flohmar_aljubarrota5_290723-1536x1073.jpg 1536w, https:\/\/goladinha.eu\/blog\/wp-content\/files\/2023\/07\/flohmar_aljubarrota5_290723.jpg 1640w\" sizes=\"auto, (max-width: 500px) 100vw, 500px\" \/><\/a><p id=\"caption-attachment-25928\" class=\"wp-caption-text\">Antiquit\u00e4tenmesse Aljubarrota 2023<\/p><\/div>\n<div id=\"attachment_25927\" style=\"width: 510px\" class=\"wp-caption alignnone\"><a href=\"https:\/\/goladinha.eu\/blog\/wp-content\/files\/2023\/07\/flohmar_aljubarrota4_290723-scaled.jpg\" target=\"_blank\" rel=\"noopener\"><img loading=\"lazy\" decoding=\"async\" aria-describedby=\"caption-attachment-25927\" class=\"wp-image-25927 size-medium\" src=\"https:\/\/goladinha.eu\/blog\/wp-content\/files\/2023\/07\/flohmar_aljubarrota4_290723-500x323.jpg\" alt=\"Antiquit\u00e4tenmesse Aljubarrota, Flohmarkt, Goladinha, Portugal\" width=\"500\" height=\"323\" srcset=\"https:\/\/goladinha.eu\/blog\/wp-content\/files\/2023\/07\/flohmar_aljubarrota4_290723-500x323.jpg 500w, https:\/\/goladinha.eu\/blog\/wp-content\/files\/2023\/07\/flohmar_aljubarrota4_290723-1920x1239.jpg 1920w, https:\/\/goladinha.eu\/blog\/wp-content\/files\/2023\/07\/flohmar_aljubarrota4_290723-768x495.jpg 768w, https:\/\/goladinha.eu\/blog\/wp-content\/files\/2023\/07\/flohmar_aljubarrota4_290723-1536x991.jpg 1536w, https:\/\/goladinha.eu\/blog\/wp-content\/files\/2023\/07\/flohmar_aljubarrota4_290723-2048x1321.jpg 2048w\" sizes=\"auto, (max-width: 500px) 100vw, 500px\" \/><\/a><p id=\"caption-attachment-25927\" class=\"wp-caption-text\">Antiquit\u00e4tenmesse Aljubarrota &#8211; Triumph Spitfire<\/p><\/div>\n","protected":false},"excerpt":{"rendered":"<p>Sabado 29 de Julho 2023 \u2013 nachts \u219114 tags \u2191\u219328 \u2013 Sonne &#8211; leichte Bew\u00f6lkung (1383) \u2013 21-40 km\/h N-NW Dieses Wochenende findet zum 6. mal die Internationale Antiquit\u00e4tenmesse in Aljubarrota statt. Antiquit\u00e4tenkenner, H\u00e4ndler, Sammler aber auch interessiertes Publikum durchstreift 3 Tage lang die historische Kleinstadt &#8211; in zahlreichen Strassen, Gassen und L\u00e4den findet sich [&hellip;]<\/p>\n","protected":false},"author":1,"featured_media":0,"comment_status":"open","ping_status":"closed","sticky":false,"template":"","format":"standard","meta":{"footnotes":""},"categories":[10],"tags":[],"class_list":["post-25923","post","type-post","status-publish","format-standard","hentry","category-allgemein"],"_links":{"self":[{"href":"https:\/\/goladinha.eu\/blog\/wp-json\/wp\/v2\/posts\/25923","targetHints":{"allow":["GET"]}}],"collection":[{"href":"https:\/\/goladinha.eu\/blog\/wp-json\/wp\/v2\/posts"}],"about":[{"href":"https:\/\/goladinha.eu\/blog\/wp-json\/wp\/v2\/types\/post"}],"author":[{"embeddable":true,"href":"https:\/\/goladinha.eu\/blog\/wp-json\/wp\/v2\/users\/1"}],"replies":[{"embeddable":true,"href":"https:\/\/goladinha.eu\/blog\/wp-json\/wp\/v2\/comments?post=25923"}],"version-history":[{"count":6,"href":"https:\/\/goladinha.eu\/blog\/wp-json\/wp\/v2\/posts\/25923\/revisions"}],"predecessor-version":[{"id":25934,"href":"https:\/\/goladinha.eu\/blog\/wp-json\/wp\/v2\/posts\/25923\/revisions\/25934"}],"wp:attachment":[{"href":"https:\/\/goladinha.eu\/blog\/wp-json\/wp\/v2\/media?parent=25923"}],"wp:term":[{"taxonomy":"category","embeddable":true,"href":"https:\/\/goladinha.eu\/blog\/wp-json\/wp\/v2\/categories?post=25923"},{"taxonomy":"post_tag","embeddable":true,"href":"https:\/\/goladinha.eu\/blog\/wp-json\/wp\/v2\/tags?post=25923"}],"curies":[{"name":"wp","href":"https:\/\/api.w.org\/{rel}","templated":true}]}}