{"id":25888,"date":"2023-07-26T22:10:04","date_gmt":"2023-07-26T21:10:04","guid":{"rendered":"https:\/\/goladinha.eu\/blog\/?p=25888"},"modified":"2023-07-26T22:10:04","modified_gmt":"2023-07-26T21:10:04","slug":"fluss-strand-praia-fluvial","status":"publish","type":"post","link":"https:\/\/goladinha.eu\/blog\/2023\/07\/26\/fluss-strand-praia-fluvial\/","title":{"rendered":"Fluss-Strand &#8211; Praia Fluvial"},"content":{"rendered":"<p><strong>Quarta 26<\/strong> de <strong>Julho <\/strong>2023 <strong>\u2013 nachts<\/strong> \u219111<br \/>\n<strong>tags \u219131<\/strong><strong>\u2013 <span style=\"color: #ff6600;\">Sonne<\/span><\/strong> (1383) \u2013 22-43 km\/h <strong>N-<\/strong>NW<\/p>\n<p>Goladinha hat seinen eigenen Beach &#8211; dank dem Fl\u00fcsschen RIBEIRA DE ALGE. Vorwiegend haben wir Kieselstrand &#8211; nur an einigen wenigen Stellen findet sich Sand, allerdings vermischt mit Erde.<\/p>\n<p><a href=\"https:\/\/goladinha.eu\/blog\/wp-content\/files\/2023\/07\/alge_sand3_260723-1-scaled.jpg\" target=\"_blank\" rel=\"noopener\"><img loading=\"lazy\" decoding=\"async\" class=\"wp-image-25895 size-medium\" src=\"https:\/\/goladinha.eu\/blog\/wp-content\/files\/2023\/07\/alge_sand3_260723-1-500x375.jpg\" alt=\"Alge, Sand, Praia Fluvial, Goladinha, Portugal, \" width=\"500\" height=\"375\" srcset=\"https:\/\/goladinha.eu\/blog\/wp-content\/files\/2023\/07\/alge_sand3_260723-1-500x375.jpg 500w, https:\/\/goladinha.eu\/blog\/wp-content\/files\/2023\/07\/alge_sand3_260723-1-1760x1320.jpg 1760w, https:\/\/goladinha.eu\/blog\/wp-content\/files\/2023\/07\/alge_sand3_260723-1-768x576.jpg 768w, https:\/\/goladinha.eu\/blog\/wp-content\/files\/2023\/07\/alge_sand3_260723-1-1536x1152.jpg 1536w, https:\/\/goladinha.eu\/blog\/wp-content\/files\/2023\/07\/alge_sand3_260723-1-2048x1536.jpg 2048w\" sizes=\"auto, (max-width: 500px) 100vw, 500px\" \/><\/a><br \/>\nUnd so haben wir es uns nicht nehmen lassen f\u00fcr unsere kleinen und grossen G\u00e4ste beim Baustoffh\u00e4ndler einen Kubikmeter feinen Sand zu holen.<\/p>\n<div id=\"attachment_25890\" style=\"width: 510px\" class=\"wp-caption alignnone\"><a href=\"https:\/\/goladinha.eu\/blog\/wp-content\/files\/2023\/07\/alge_sand_260723.jpg\" target=\"_blank\" rel=\"noopener\"><img loading=\"lazy\" decoding=\"async\" aria-describedby=\"caption-attachment-25890\" class=\"wp-image-25890 size-medium\" src=\"https:\/\/goladinha.eu\/blog\/wp-content\/files\/2023\/07\/alge_sand_260723-500x484.jpg\" alt=\"Alge, Sand, Praia Fluvial, Goladinha, Portugal, \" width=\"500\" height=\"484\" srcset=\"https:\/\/goladinha.eu\/blog\/wp-content\/files\/2023\/07\/alge_sand_260723-500x484.jpg 500w, https:\/\/goladinha.eu\/blog\/wp-content\/files\/2023\/07\/alge_sand_260723-1364x1320.jpg 1364w, https:\/\/goladinha.eu\/blog\/wp-content\/files\/2023\/07\/alge_sand_260723-768x743.jpg 768w, https:\/\/goladinha.eu\/blog\/wp-content\/files\/2023\/07\/alge_sand_260723-1536x1487.jpg 1536w, https:\/\/goladinha.eu\/blog\/wp-content\/files\/2023\/07\/alge_sand_260723-2048x1983.jpg 2048w\" sizes=\"auto, (max-width: 500px) 100vw, 500px\" \/><\/a><p id=\"caption-attachment-25890\" class=\"wp-caption-text\">Um die Mittagszeit ist der Platz neben einer Eiche sehr sonnig&#8230;<\/p><\/div>\n<div id=\"attachment_25891\" style=\"width: 510px\" class=\"wp-caption alignnone\"><a href=\"https:\/\/goladinha.eu\/blog\/wp-content\/files\/2023\/07\/alge_sand2_260723-scaled.jpg\" target=\"_blank\" rel=\"noopener\"><img loading=\"lazy\" decoding=\"async\" aria-describedby=\"caption-attachment-25891\" class=\"wp-image-25891 size-medium\" src=\"https:\/\/goladinha.eu\/blog\/wp-content\/files\/2023\/07\/alge_sand2_260723-500x375.jpg\" alt=\"Alge, Sand, Praia Fluvial, Goladinha, Portugal, \" width=\"500\" height=\"375\" srcset=\"https:\/\/goladinha.eu\/blog\/wp-content\/files\/2023\/07\/alge_sand2_260723-500x375.jpg 500w, https:\/\/goladinha.eu\/blog\/wp-content\/files\/2023\/07\/alge_sand2_260723-1760x1320.jpg 1760w, https:\/\/goladinha.eu\/blog\/wp-content\/files\/2023\/07\/alge_sand2_260723-768x576.jpg 768w, https:\/\/goladinha.eu\/blog\/wp-content\/files\/2023\/07\/alge_sand2_260723-1536x1152.jpg 1536w, https:\/\/goladinha.eu\/blog\/wp-content\/files\/2023\/07\/alge_sand2_260723-2048x1536.jpg 2048w\" sizes=\"auto, (max-width: 500px) 100vw, 500px\" \/><\/a><p id=\"caption-attachment-25891\" class=\"wp-caption-text\">&#8230; am Nachmittag ist es dann sch\u00f6n schattig &#8211; aber da waren heute schon wieder alle weg.<\/p><\/div>\n<p>Alge, Sand, Praia Fluvial, Goladinha, Portugal,<\/p>\n","protected":false},"excerpt":{"rendered":"<p>Quarta 26 de Julho 2023 \u2013 nachts \u219111 tags \u219131\u2013 Sonne (1383) \u2013 22-43 km\/h N-NW Goladinha hat seinen eigenen Beach &#8211; dank dem Fl\u00fcsschen RIBEIRA DE ALGE. Vorwiegend haben wir Kieselstrand &#8211; nur an einigen wenigen Stellen findet sich Sand, allerdings vermischt mit Erde. Und so haben wir es uns nicht nehmen lassen f\u00fcr [&hellip;]<\/p>\n","protected":false},"author":1,"featured_media":0,"comment_status":"open","ping_status":"closed","sticky":false,"template":"","format":"standard","meta":{"footnotes":""},"categories":[10],"tags":[],"class_list":["post-25888","post","type-post","status-publish","format-standard","hentry","category-allgemein"],"_links":{"self":[{"href":"https:\/\/goladinha.eu\/blog\/wp-json\/wp\/v2\/posts\/25888","targetHints":{"allow":["GET"]}}],"collection":[{"href":"https:\/\/goladinha.eu\/blog\/wp-json\/wp\/v2\/posts"}],"about":[{"href":"https:\/\/goladinha.eu\/blog\/wp-json\/wp\/v2\/types\/post"}],"author":[{"embeddable":true,"href":"https:\/\/goladinha.eu\/blog\/wp-json\/wp\/v2\/users\/1"}],"replies":[{"embeddable":true,"href":"https:\/\/goladinha.eu\/blog\/wp-json\/wp\/v2\/comments?post=25888"}],"version-history":[{"count":4,"href":"https:\/\/goladinha.eu\/blog\/wp-json\/wp\/v2\/posts\/25888\/revisions"}],"predecessor-version":[{"id":25898,"href":"https:\/\/goladinha.eu\/blog\/wp-json\/wp\/v2\/posts\/25888\/revisions\/25898"}],"wp:attachment":[{"href":"https:\/\/goladinha.eu\/blog\/wp-json\/wp\/v2\/media?parent=25888"}],"wp:term":[{"taxonomy":"category","embeddable":true,"href":"https:\/\/goladinha.eu\/blog\/wp-json\/wp\/v2\/categories?post=25888"},{"taxonomy":"post_tag","embeddable":true,"href":"https:\/\/goladinha.eu\/blog\/wp-json\/wp\/v2\/tags?post=25888"}],"curies":[{"name":"wp","href":"https:\/\/api.w.org\/{rel}","templated":true}]}}