{"id":25761,"date":"2023-07-11T20:05:16","date_gmt":"2023-07-11T19:05:16","guid":{"rendered":"https:\/\/goladinha.eu\/blog\/?p=25761"},"modified":"2023-07-11T20:05:16","modified_gmt":"2023-07-11T19:05:16","slug":"das-wetter-in-goladinha-und-anderswo","status":"publish","type":"post","link":"https:\/\/goladinha.eu\/blog\/2023\/07\/11\/das-wetter-in-goladinha-und-anderswo\/","title":{"rendered":"Das Wetter in Goladinha und anderswo"},"content":{"rendered":"<p>Terca <strong>11<\/strong> de <strong>Julho <\/strong>2023 <strong>\u2013 nachts<\/strong> \u2191<strong>11<\/strong><br \/>\n<strong>tags <\/strong><strong>\u219327\u00b0 \u2013 <span style=\"color: #ff6600;\">Sonne <\/span><\/strong>\u2013 (1381) \u2013 26-51 km\/h N\u2013<strong>NW<\/strong><\/p>\n<p>Das Wetter ist nicht das Klima. Klimatisch ist es generell in Portugal im Vergleich zu Deutschland milder. Es kann aber durchaus schon mal vorkommen, dass es in Deutschland tempor\u00e4r w\u00e4rmer ist.<br \/>\nZur Zeit spielt das Wetter allerdings anhaltend ver\u00fcckt &#8211; sowohl in PT als auch in DE. Derzeit haben wir hier einen sehr milden Juli &#8211; die Temperaturen erreichen nur an vereinzelten Tagen 30 Grad<br \/>\nWas man in den vergangenen Wochen so aus Deutschland, im Speziellen aus Bayern, h\u00f6rt klettert dort das Thermometer viel \u00f6fter \u00fc 30<\/p>\n<div id=\"attachment_25765\" style=\"width: 510px\" class=\"wp-caption alignnone\"><a href=\"https:\/\/goladinha.eu\/blog\/wp-content\/files\/2023\/07\/wetter1_fdv_110723.jpg\" target=\"_blank\" rel=\"noopener\"><img loading=\"lazy\" decoding=\"async\" aria-describedby=\"caption-attachment-25765\" class=\"wp-image-25765 size-medium\" src=\"https:\/\/goladinha.eu\/blog\/wp-content\/files\/2023\/07\/wetter1_fdv_110723-500x186.jpg\" alt=\"wetter, Figueiro dos Vinhos, zu &quot;kalt&quot; f\u00fcr die Jahreszeit, Goladinha, Portugal\" width=\"500\" height=\"186\" srcset=\"https:\/\/goladinha.eu\/blog\/wp-content\/files\/2023\/07\/wetter1_fdv_110723-500x186.jpg 500w, https:\/\/goladinha.eu\/blog\/wp-content\/files\/2023\/07\/wetter1_fdv_110723-768x285.jpg 768w, https:\/\/goladinha.eu\/blog\/wp-content\/files\/2023\/07\/wetter1_fdv_110723.jpg 776w\" sizes=\"auto, (max-width: 500px) 100vw, 500px\" \/><\/a><p id=\"caption-attachment-25765\" class=\"wp-caption-text\">Die kommenden 6 Tage geniessen wir die, f\u00fcr diese Jahreszeit, recht m\u00e4ssigen Temperaturen<\/p><\/div>\n<div id=\"attachment_25763\" style=\"width: 510px\" class=\"wp-caption alignnone\"><a href=\"https:\/\/goladinha.eu\/blog\/wp-content\/files\/2023\/07\/wetter2_fdv_110723.jpg\" target=\"_blank\" rel=\"noopener\"><img loading=\"lazy\" decoding=\"async\" aria-describedby=\"caption-attachment-25763\" class=\"wp-image-25763 size-medium\" src=\"https:\/\/goladinha.eu\/blog\/wp-content\/files\/2023\/07\/wetter2_fdv_110723-500x190.jpg\" alt=\"wetter, Figueiro dos Vinhos, zu &quot;kalt&quot; f\u00fcr die Jahreszeit, Goladinha, Portugal\" width=\"500\" height=\"190\" srcset=\"https:\/\/goladinha.eu\/blog\/wp-content\/files\/2023\/07\/wetter2_fdv_110723-500x190.jpg 500w, https:\/\/goladinha.eu\/blog\/wp-content\/files\/2023\/07\/wetter2_fdv_110723-768x292.jpg 768w, https:\/\/goladinha.eu\/blog\/wp-content\/files\/2023\/07\/wetter2_fdv_110723.jpg 770w\" sizes=\"auto, (max-width: 500px) 100vw, 500px\" \/><\/a><p id=\"caption-attachment-25763\" class=\"wp-caption-text\">und die darauf folgende Woche ebenso.<\/p><\/div>\n","protected":false},"excerpt":{"rendered":"<p>Terca 11 de Julho 2023 \u2013 nachts \u219111 tags \u219327\u00b0 \u2013 Sonne \u2013 (1381) \u2013 26-51 km\/h N\u2013NW Das Wetter ist nicht das Klima. Klimatisch ist es generell in Portugal im Vergleich zu Deutschland milder. Es kann aber durchaus schon mal vorkommen, dass es in Deutschland tempor\u00e4r w\u00e4rmer ist. Zur Zeit spielt das Wetter allerdings [&hellip;]<\/p>\n","protected":false},"author":1,"featured_media":0,"comment_status":"open","ping_status":"closed","sticky":false,"template":"","format":"standard","meta":{"footnotes":""},"categories":[10],"tags":[],"class_list":["post-25761","post","type-post","status-publish","format-standard","hentry","category-allgemein"],"_links":{"self":[{"href":"https:\/\/goladinha.eu\/blog\/wp-json\/wp\/v2\/posts\/25761","targetHints":{"allow":["GET"]}}],"collection":[{"href":"https:\/\/goladinha.eu\/blog\/wp-json\/wp\/v2\/posts"}],"about":[{"href":"https:\/\/goladinha.eu\/blog\/wp-json\/wp\/v2\/types\/post"}],"author":[{"embeddable":true,"href":"https:\/\/goladinha.eu\/blog\/wp-json\/wp\/v2\/users\/1"}],"replies":[{"embeddable":true,"href":"https:\/\/goladinha.eu\/blog\/wp-json\/wp\/v2\/comments?post=25761"}],"version-history":[{"count":5,"href":"https:\/\/goladinha.eu\/blog\/wp-json\/wp\/v2\/posts\/25761\/revisions"}],"predecessor-version":[{"id":25768,"href":"https:\/\/goladinha.eu\/blog\/wp-json\/wp\/v2\/posts\/25761\/revisions\/25768"}],"wp:attachment":[{"href":"https:\/\/goladinha.eu\/blog\/wp-json\/wp\/v2\/media?parent=25761"}],"wp:term":[{"taxonomy":"category","embeddable":true,"href":"https:\/\/goladinha.eu\/blog\/wp-json\/wp\/v2\/categories?post=25761"},{"taxonomy":"post_tag","embeddable":true,"href":"https:\/\/goladinha.eu\/blog\/wp-json\/wp\/v2\/tags?post=25761"}],"curies":[{"name":"wp","href":"https:\/\/api.w.org\/{rel}","templated":true}]}}