{"id":25700,"date":"2023-07-04T22:45:41","date_gmt":"2023-07-04T21:45:41","guid":{"rendered":"https:\/\/goladinha.eu\/blog\/?p=25700"},"modified":"2023-07-04T22:45:41","modified_gmt":"2023-07-04T21:45:41","slug":"ameisen","status":"publish","type":"post","link":"https:\/\/goladinha.eu\/blog\/2023\/07\/04\/ameisen\/","title":{"rendered":"Ameisen"},"content":{"rendered":"<p>Terca 4\u00a0 de <strong>Julho <\/strong>2023 <strong>\u2013 nachts<\/strong> \u2193\u219113<br \/>\n<strong>tags <\/strong>\u219326<strong>\u00b0 \u2013 <span style=\"color: #ff6600;\">Sonne<\/span><\/strong>\u2013 (1379) \u2013 27-51 km\/h <strong>N<\/strong>-NW<\/p>\n<p>Vor der hinteren Eingangst\u00fcr von CASA AR beobachteten wir wie Ameisen mit vereinten Kr\u00e4ften einen toten K\u00e4fer abtransportierten.<\/p>\n<div style=\"width: 1280px;\" class=\"wp-video\"><video class=\"wp-video-shortcode\" id=\"video-25700-1\" width=\"1280\" height=\"720\" preload=\"metadata\" controls=\"controls\"><source type=\"video\/mp4\" src=\"https:\/\/goladinha.eu\/blog\/wp-content\/files\/2023\/07\/ameisen_kaefer_040723.mp4?_=1\" \/><a href=\"https:\/\/goladinha.eu\/blog\/wp-content\/files\/2023\/07\/ameisen_kaefer_040723.mp4\">https:\/\/goladinha.eu\/blog\/wp-content\/files\/2023\/07\/ameisen_kaefer_040723.mp4<\/a><\/video><\/div>\n<p>Auf ebener Strecke ging das ganz flott. Eine Treppenstufe hoch wurde dann schon m\u00fchsamer. Nahe am Ameisen-Nest angelangt wurden es immer mehr Tiere &#8211; anscheindend beschlossen die emsigen Insekten die Beute in kleinste St\u00fccke zu zerlegen und ins Nest zu bef\u00f6rdern.<\/p>\n<div style=\"width: 1280px;\" class=\"wp-video\"><video class=\"wp-video-shortcode\" id=\"video-25700-2\" width=\"1280\" height=\"720\" preload=\"metadata\" controls=\"controls\"><source type=\"video\/mp4\" src=\"https:\/\/goladinha.eu\/blog\/wp-content\/files\/2023\/07\/ameisen_kaefer2_040723.mp4?_=2\" \/><a href=\"https:\/\/goladinha.eu\/blog\/wp-content\/files\/2023\/07\/ameisen_kaefer2_040723.mp4\">https:\/\/goladinha.eu\/blog\/wp-content\/files\/2023\/07\/ameisen_kaefer2_040723.mp4<\/a><\/video><\/div>\n","protected":false},"excerpt":{"rendered":"<p>Terca 4\u00a0 de Julho 2023 \u2013 nachts \u2193\u219113 tags \u219326\u00b0 \u2013 Sonne\u2013 (1379) \u2013 27-51 km\/h N-NW Vor der hinteren Eingangst\u00fcr von CASA AR beobachteten wir wie Ameisen mit vereinten Kr\u00e4ften einen toten K\u00e4fer abtransportierten. Auf ebener Strecke ging das ganz flott. Eine Treppenstufe hoch wurde dann schon m\u00fchsamer. Nahe am Ameisen-Nest angelangt wurden es [&hellip;]<\/p>\n","protected":false},"author":1,"featured_media":0,"comment_status":"open","ping_status":"closed","sticky":false,"template":"","format":"standard","meta":{"footnotes":""},"categories":[10],"tags":[],"class_list":["post-25700","post","type-post","status-publish","format-standard","hentry","category-allgemein"],"_links":{"self":[{"href":"https:\/\/goladinha.eu\/blog\/wp-json\/wp\/v2\/posts\/25700","targetHints":{"allow":["GET"]}}],"collection":[{"href":"https:\/\/goladinha.eu\/blog\/wp-json\/wp\/v2\/posts"}],"about":[{"href":"https:\/\/goladinha.eu\/blog\/wp-json\/wp\/v2\/types\/post"}],"author":[{"embeddable":true,"href":"https:\/\/goladinha.eu\/blog\/wp-json\/wp\/v2\/users\/1"}],"replies":[{"embeddable":true,"href":"https:\/\/goladinha.eu\/blog\/wp-json\/wp\/v2\/comments?post=25700"}],"version-history":[{"count":4,"href":"https:\/\/goladinha.eu\/blog\/wp-json\/wp\/v2\/posts\/25700\/revisions"}],"predecessor-version":[{"id":25706,"href":"https:\/\/goladinha.eu\/blog\/wp-json\/wp\/v2\/posts\/25700\/revisions\/25706"}],"wp:attachment":[{"href":"https:\/\/goladinha.eu\/blog\/wp-json\/wp\/v2\/media?parent=25700"}],"wp:term":[{"taxonomy":"category","embeddable":true,"href":"https:\/\/goladinha.eu\/blog\/wp-json\/wp\/v2\/categories?post=25700"},{"taxonomy":"post_tag","embeddable":true,"href":"https:\/\/goladinha.eu\/blog\/wp-json\/wp\/v2\/tags?post=25700"}],"curies":[{"name":"wp","href":"https:\/\/api.w.org\/{rel}","templated":true}]}}