{"id":24569,"date":"2023-02-28T22:45:47","date_gmt":"2023-02-28T22:45:47","guid":{"rendered":"https:\/\/goladinha.eu\/blog\/?p=24569"},"modified":"2023-03-01T08:44:54","modified_gmt":"2023-03-01T08:44:54","slug":"orangen","status":"publish","type":"post","link":"https:\/\/goladinha.eu\/blog\/2023\/02\/28\/orangen\/","title":{"rendered":"Orangen"},"content":{"rendered":"<p><strong>Terca 28 de Fevereiro <\/strong>2023 \u2014<em>\u00a0<\/em> <strong>nachts <span style=\"color: #000080;\">\u2193-2\u00b0<\/span>\u00a0 \u2013 <\/strong><strong>tags <\/strong><strong>\u2193\u219111\u00b0 <\/strong>\u2013<br \/>\n<span style=\"color: #ff6600;\">Sonne <\/span>\u2013 <span style=\"color: #808080;\">Bew\u00f6lkung<\/span> \u2013 15-30 km\/h O-NO-N<\/p>\n<p>Die immergr\u00fcnen Orangenb\u00e4ume tragen um diese Jahreszeit schwer an Fr\u00fcchten. Oftmals ist zu beobachten, dass das Obst jedoch kaum abgeerntet wird &#8211; Frucht an Frucht ist der Boden rund um die B\u00e4ume mit Orangen \u00fcbers\u00e4t.<br \/>\nNebenan im Supermarkt werden sie jedoch nicht angeboten &#8211; dort werden &#8222;Br\u00fcder und Schwestern&#8220; feilgeboten die von Plantagen stammen, nicht selten von spanischen Betrieben.<br \/>\nEine \u00f6kologische &#8222;Kurze-Wege-Vermarktung&#8220; bei der Gartenbesitzer und Kleinbauern profitieren k\u00f6nnten lohnt sich offenbar nicht f\u00fcr die Lebensmittelkonzerne.<\/p>\n<div id=\"attachment_24571\" style=\"width: 510px\" class=\"wp-caption alignnone\"><a href=\"https:\/\/goladinha.eu\/blog\/wp-content\/files\/2023\/02\/orangen_joanin_280223.jpg\" target=\"_blank\" rel=\"noopener\"><img loading=\"lazy\" decoding=\"async\" aria-describedby=\"caption-attachment-24571\" class=\"wp-image-24571 size-medium\" src=\"https:\/\/goladinha.eu\/blog\/wp-content\/files\/2023\/02\/orangen_joanin_280223-500x375.jpg\" alt=\"Orangen im Winter, Ribeiro Joaninho, Goladinha, Portugal\" width=\"500\" height=\"375\" srcset=\"https:\/\/goladinha.eu\/blog\/wp-content\/files\/2023\/02\/orangen_joanin_280223-500x375.jpg 500w, https:\/\/goladinha.eu\/blog\/wp-content\/files\/2023\/02\/orangen_joanin_280223-1760x1320.jpg 1760w, https:\/\/goladinha.eu\/blog\/wp-content\/files\/2023\/02\/orangen_joanin_280223-768x576.jpg 768w, https:\/\/goladinha.eu\/blog\/wp-content\/files\/2023\/02\/orangen_joanin_280223-1536x1152.jpg 1536w, https:\/\/goladinha.eu\/blog\/wp-content\/files\/2023\/02\/orangen_joanin_280223.jpg 2048w\" sizes=\"auto, (max-width: 500px) 100vw, 500px\" \/><\/a><p id=\"caption-attachment-24571\" class=\"wp-caption-text\">Das Kleinklima in Goladinha ist wegen seiner Tallage f\u00fcr Orangenb\u00e4ume nicht geeignet &#8211; zu kalt sind die Winter. Einige Nachbarn haben B\u00e4ume gepflanzt, die sie jedoch vor Frostn\u00e4chten abdecken m\u00fcssen. <a href=\"https:\/\/goladinha.eu\/blog\/index.php?s=ribeiro+joaninho\" target=\"_blank\" rel=\"noopener\">Ribeiro Joaninho<\/a>, unser altes Feriengrundst\u00fcck, ist unser Lieferant f\u00fcr diese exotische Frucht.<\/p><\/div>\n","protected":false},"excerpt":{"rendered":"<p>Terca 28 de Fevereiro 2023 \u2014\u00a0 nachts \u2193-2\u00b0\u00a0 \u2013 tags \u2193\u219111\u00b0 \u2013 Sonne \u2013 Bew\u00f6lkung \u2013 15-30 km\/h O-NO-N Die immergr\u00fcnen Orangenb\u00e4ume tragen um diese Jahreszeit schwer an Fr\u00fcchten. Oftmals ist zu beobachten, dass das Obst jedoch kaum abgeerntet wird &#8211; Frucht an Frucht ist der Boden rund um die B\u00e4ume mit Orangen \u00fcbers\u00e4t. Nebenan [&hellip;]<\/p>\n","protected":false},"author":1,"featured_media":0,"comment_status":"open","ping_status":"closed","sticky":false,"template":"","format":"standard","meta":{"footnotes":""},"categories":[10],"tags":[],"class_list":["post-24569","post","type-post","status-publish","format-standard","hentry","category-allgemein"],"_links":{"self":[{"href":"https:\/\/goladinha.eu\/blog\/wp-json\/wp\/v2\/posts\/24569","targetHints":{"allow":["GET"]}}],"collection":[{"href":"https:\/\/goladinha.eu\/blog\/wp-json\/wp\/v2\/posts"}],"about":[{"href":"https:\/\/goladinha.eu\/blog\/wp-json\/wp\/v2\/types\/post"}],"author":[{"embeddable":true,"href":"https:\/\/goladinha.eu\/blog\/wp-json\/wp\/v2\/users\/1"}],"replies":[{"embeddable":true,"href":"https:\/\/goladinha.eu\/blog\/wp-json\/wp\/v2\/comments?post=24569"}],"version-history":[{"count":6,"href":"https:\/\/goladinha.eu\/blog\/wp-json\/wp\/v2\/posts\/24569\/revisions"}],"predecessor-version":[{"id":24577,"href":"https:\/\/goladinha.eu\/blog\/wp-json\/wp\/v2\/posts\/24569\/revisions\/24577"}],"wp:attachment":[{"href":"https:\/\/goladinha.eu\/blog\/wp-json\/wp\/v2\/media?parent=24569"}],"wp:term":[{"taxonomy":"category","embeddable":true,"href":"https:\/\/goladinha.eu\/blog\/wp-json\/wp\/v2\/categories?post=24569"},{"taxonomy":"post_tag","embeddable":true,"href":"https:\/\/goladinha.eu\/blog\/wp-json\/wp\/v2\/tags?post=24569"}],"curies":[{"name":"wp","href":"https:\/\/api.w.org\/{rel}","templated":true}]}}