{"id":24450,"date":"2023-02-14T21:10:33","date_gmt":"2023-02-14T21:10:33","guid":{"rendered":"https:\/\/goladinha.eu\/blog\/?p=24450"},"modified":"2023-02-14T21:10:33","modified_gmt":"2023-02-14T21:10:33","slug":"de-keine-beruehmten-toechter-nur-soehne","status":"publish","type":"post","link":"https:\/\/goladinha.eu\/blog\/2023\/02\/14\/de-keine-beruehmten-toechter-nur-soehne\/","title":{"rendered":"DE &#8211; keine ber\u00fchmten T\u00f6chter, nur S\u00f6hne"},"content":{"rendered":"<p><strong>Terca 14 de Fevreiro <\/strong>2023 \u2014<em> Das Wetter in Goladinha:<\/em> <strong>nachts \u21913\u00b0 <\/strong><br \/>\n<strong>tags \u219116<\/strong><strong>\u00b0<\/strong>\u2013 <span style=\"color: #ff6600;\">Sonne<\/span> \u2013 <span style=\"color: #808080;\">Bew\u00f6lkung<\/span> \u2013 25-49\u00a0 km\/h SO-O<\/p>\n<p>Die Stadt Wemding gedenkt ihrer ber\u00fchmten S\u00f6hne mit einem Denkmal in der Bahnhofstrasse.<\/p>\n<div id=\"attachment_24453\" style=\"width: 510px\" class=\"wp-caption alignnone\"><a href=\"https:\/\/goladinha.eu\/blog\/wp-content\/files\/2023\/02\/de_soehne_wemd2_140223.jpg\" target=\"_blank\" rel=\"noopener\"><img loading=\"lazy\" decoding=\"async\" aria-describedby=\"caption-attachment-24453\" class=\"wp-image-24453 size-medium\" src=\"https:\/\/goladinha.eu\/blog\/wp-content\/files\/2023\/02\/de_soehne_wemd2_140223-500x667.jpg\" alt=\"S\u00f6hne der Stadt Wemding, Deutschland, Goladinha, Portugal\" width=\"500\" height=\"667\" srcset=\"https:\/\/goladinha.eu\/blog\/wp-content\/files\/2023\/02\/de_soehne_wemd2_140223-500x667.jpg 500w, https:\/\/goladinha.eu\/blog\/wp-content\/files\/2023\/02\/de_soehne_wemd2_140223-990x1320.jpg 990w, https:\/\/goladinha.eu\/blog\/wp-content\/files\/2023\/02\/de_soehne_wemd2_140223-768x1024.jpg 768w, https:\/\/goladinha.eu\/blog\/wp-content\/files\/2023\/02\/de_soehne_wemd2_140223-1152x1536.jpg 1152w, https:\/\/goladinha.eu\/blog\/wp-content\/files\/2023\/02\/de_soehne_wemd2_140223.jpg 1536w\" sizes=\"auto, (max-width: 500px) 100vw, 500px\" \/><\/a><p id=\"caption-attachment-24453\" class=\"wp-caption-text\">Auf der strassenzugewandten Seite ist die Jahreszshl 1955 zu lesen &#8211; offensichtlich das Jahr an dem das Gedenken in Stein gemeisselt wurde.<\/p><\/div>\n<div id=\"attachment_24452\" style=\"width: 510px\" class=\"wp-caption alignnone\"><a href=\"https:\/\/goladinha.eu\/blog\/wp-content\/files\/2023\/02\/de_soehne_wemd1_140223.jpg\" target=\"_blank\" rel=\"noopener\"><img loading=\"lazy\" decoding=\"async\" aria-describedby=\"caption-attachment-24452\" class=\"wp-image-24452 size-medium\" src=\"https:\/\/goladinha.eu\/blog\/wp-content\/files\/2023\/02\/de_soehne_wemd1_140223-500x667.jpg\" alt=\"S\u00f6hne der Stadt Wemding, Deutschland, Goladinha, Portugal\" width=\"500\" height=\"667\" srcset=\"https:\/\/goladinha.eu\/blog\/wp-content\/files\/2023\/02\/de_soehne_wemd1_140223-500x667.jpg 500w, https:\/\/goladinha.eu\/blog\/wp-content\/files\/2023\/02\/de_soehne_wemd1_140223-990x1320.jpg 990w, https:\/\/goladinha.eu\/blog\/wp-content\/files\/2023\/02\/de_soehne_wemd1_140223-768x1024.jpg 768w, https:\/\/goladinha.eu\/blog\/wp-content\/files\/2023\/02\/de_soehne_wemd1_140223-1152x1536.jpg 1152w, https:\/\/goladinha.eu\/blog\/wp-content\/files\/2023\/02\/de_soehne_wemd1_140223.jpg 1536w\" sizes=\"auto, (max-width: 500px) 100vw, 500px\" \/><\/a><p id=\"caption-attachment-24452\" class=\"wp-caption-text\">Auf der R\u00fcckseite dann die S\u00f6hne der Stadt: Troll, Rott, Fuchs und Trollmann.<\/p><\/div>\n<p>Auf der <a href=\"https:\/\/www.wemding.de\/persoenlichkeiten\/\" target=\"_blank\" rel=\"noopener\">st\u00e4dtischen Homepage<\/a> werden noch mehr Namen ber\u00fchmter Menschen genannt &#8211; darunter zu finden auch eine Frau &#8211; eine ber\u00fchmte Tochter der Stadt.<\/p>\n","protected":false},"excerpt":{"rendered":"<p>Terca 14 de Fevreiro 2023 \u2014 Das Wetter in Goladinha: nachts \u21913\u00b0 tags \u219116\u00b0\u2013 Sonne \u2013 Bew\u00f6lkung \u2013 25-49\u00a0 km\/h SO-O Die Stadt Wemding gedenkt ihrer ber\u00fchmten S\u00f6hne mit einem Denkmal in der Bahnhofstrasse. Auf der st\u00e4dtischen Homepage werden noch mehr Namen ber\u00fchmter Menschen genannt &#8211; darunter zu finden auch eine Frau &#8211; eine ber\u00fchmte [&hellip;]<\/p>\n","protected":false},"author":1,"featured_media":0,"comment_status":"open","ping_status":"closed","sticky":false,"template":"","format":"standard","meta":{"footnotes":""},"categories":[10],"tags":[],"class_list":["post-24450","post","type-post","status-publish","format-standard","hentry","category-allgemein"],"_links":{"self":[{"href":"https:\/\/goladinha.eu\/blog\/wp-json\/wp\/v2\/posts\/24450","targetHints":{"allow":["GET"]}}],"collection":[{"href":"https:\/\/goladinha.eu\/blog\/wp-json\/wp\/v2\/posts"}],"about":[{"href":"https:\/\/goladinha.eu\/blog\/wp-json\/wp\/v2\/types\/post"}],"author":[{"embeddable":true,"href":"https:\/\/goladinha.eu\/blog\/wp-json\/wp\/v2\/users\/1"}],"replies":[{"embeddable":true,"href":"https:\/\/goladinha.eu\/blog\/wp-json\/wp\/v2\/comments?post=24450"}],"version-history":[{"count":4,"href":"https:\/\/goladinha.eu\/blog\/wp-json\/wp\/v2\/posts\/24450\/revisions"}],"predecessor-version":[{"id":24456,"href":"https:\/\/goladinha.eu\/blog\/wp-json\/wp\/v2\/posts\/24450\/revisions\/24456"}],"wp:attachment":[{"href":"https:\/\/goladinha.eu\/blog\/wp-json\/wp\/v2\/media?parent=24450"}],"wp:term":[{"taxonomy":"category","embeddable":true,"href":"https:\/\/goladinha.eu\/blog\/wp-json\/wp\/v2\/categories?post=24450"},{"taxonomy":"post_tag","embeddable":true,"href":"https:\/\/goladinha.eu\/blog\/wp-json\/wp\/v2\/tags?post=24450"}],"curies":[{"name":"wp","href":"https:\/\/api.w.org\/{rel}","templated":true}]}}