{"id":24437,"date":"2023-02-12T20:51:12","date_gmt":"2023-02-12T20:51:12","guid":{"rendered":"https:\/\/goladinha.eu\/blog\/?p=24437"},"modified":"2023-02-13T15:05:18","modified_gmt":"2023-02-13T15:05:18","slug":"de-wohnraum","status":"publish","type":"post","link":"https:\/\/goladinha.eu\/blog\/2023\/02\/12\/de-wohnraum\/","title":{"rendered":"DE &#8211; Wohnraum"},"content":{"rendered":"<p><strong>Domingo 12 de Fevreiro <\/strong>2023 \u2014<em> Das Wetter in Goladinha:<\/em> <strong>nachts \u21912\u00b0 <\/strong><br \/>\n<strong>tags \u2193\u219112<\/strong><strong>\u00b0<\/strong>\u2013 <span style=\"color: #ff6600;\">Sonne<\/span> \u2013 <span style=\"color: #808080;\">Bew\u00f6lkung<\/span> \u2013 25-46\u00a0 km\/h O<\/p>\n<p>Wohnraum in Deutschland ist knapp und teuer &#8211; vor allem in den grossen St\u00e4dten und den jeweiligen Speckg\u00fcrteln drum herum.<br \/>\nDas <a href=\"https:\/\/www.destatis.de\/DE\/Themen\/Gesellschaft-Umwelt\/Wohnen\/_inhalt.html\" target=\"_blank\" rel=\"noopener\">Statistische Bundesamt ver\u00f6ffentlichte folgende Zahlen<\/a>: Die Eigent\u00fcmer\u00adquote bert\u00e4gt 46,5 % &#8211; die durch\u00adschnittliche Miet\u00adbelastungs\u00adquote ist derzeit 27,2 % &#8211; 47,7 m2 werdem je Einwohner\/-in bewohnt.<br \/>\nUm beim Wohnungsbau den krebsartigen Landverbrauch in den Peripherien der St\u00e4dte einzud\u00e4mmen werden die Stadtzentren verdichtet &#8211; alte Bausubstanz auf relativ grossen innerst\u00e4dtischen Grundst\u00fccken werden abgerissen um Geb\u00e4ude mit mehreren Wohneinheiten errichten zu k\u00f6nnen.<\/p>\n<div id=\"attachment_24438\" style=\"width: 510px\" class=\"wp-caption alignnone\"><a href=\"https:\/\/goladinha.eu\/blog\/wp-content\/files\/2023\/02\/de_baugrube_ffb_120223.jpg\" target=\"_blank\" rel=\"noopener\"><img loading=\"lazy\" decoding=\"async\" aria-describedby=\"caption-attachment-24438\" class=\"wp-image-24438 size-medium\" src=\"https:\/\/goladinha.eu\/blog\/wp-content\/files\/2023\/02\/de_baugrube_ffb_120223-500x375.jpg\" alt=\"Deutschland, Wohnraum knapp, F\u00fcrstenfeldbruck, Innenstadt, Goladinha, Portugal\" width=\"500\" height=\"375\" srcset=\"https:\/\/goladinha.eu\/blog\/wp-content\/files\/2023\/02\/de_baugrube_ffb_120223-500x375.jpg 500w, https:\/\/goladinha.eu\/blog\/wp-content\/files\/2023\/02\/de_baugrube_ffb_120223-1760x1320.jpg 1760w, https:\/\/goladinha.eu\/blog\/wp-content\/files\/2023\/02\/de_baugrube_ffb_120223-768x576.jpg 768w, https:\/\/goladinha.eu\/blog\/wp-content\/files\/2023\/02\/de_baugrube_ffb_120223-1536x1152.jpg 1536w, https:\/\/goladinha.eu\/blog\/wp-content\/files\/2023\/02\/de_baugrube_ffb_120223.jpg 2048w\" sizes=\"auto, (max-width: 500px) 100vw, 500px\" \/><\/a><p id=\"caption-attachment-24438\" class=\"wp-caption-text\">Oder es werden Freifl\u00e4chen genutzt um die Bebauung nachzuverdichten &#8211; so wie beispielsweise im Zentrum der Kreisstadt <a href=\"https:\/\/de.wikipedia.org\/wiki\/F%C3%BCrstenfeldbruck\" target=\"_blank\" rel=\"noopener\">F\u00fcrstenfeldbruck<\/a> (Bayern).\u00a0 Hier wurden und werden Mehrfamilienh\u00e4user gebaut &#8211; In den Kellergeschossen befinden sich Tiefgaragen, im EG u.a. Gesch\u00e4fte und in den dar\u00fcberliedenden 3 Stockwerken Wohnungen.<\/p><\/div>\n","protected":false},"excerpt":{"rendered":"<p>Domingo 12 de Fevreiro 2023 \u2014 Das Wetter in Goladinha: nachts \u21912\u00b0 tags \u2193\u219112\u00b0\u2013 Sonne \u2013 Bew\u00f6lkung \u2013 25-46\u00a0 km\/h O Wohnraum in Deutschland ist knapp und teuer &#8211; vor allem in den grossen St\u00e4dten und den jeweiligen Speckg\u00fcrteln drum herum. Das Statistische Bundesamt ver\u00f6ffentlichte folgende Zahlen: Die Eigent\u00fcmer\u00adquote bert\u00e4gt 46,5 % &#8211; die durch\u00adschnittliche [&hellip;]<\/p>\n","protected":false},"author":1,"featured_media":0,"comment_status":"open","ping_status":"closed","sticky":false,"template":"","format":"standard","meta":{"footnotes":""},"categories":[10],"tags":[],"class_list":["post-24437","post","type-post","status-publish","format-standard","hentry","category-allgemein"],"_links":{"self":[{"href":"https:\/\/goladinha.eu\/blog\/wp-json\/wp\/v2\/posts\/24437","targetHints":{"allow":["GET"]}}],"collection":[{"href":"https:\/\/goladinha.eu\/blog\/wp-json\/wp\/v2\/posts"}],"about":[{"href":"https:\/\/goladinha.eu\/blog\/wp-json\/wp\/v2\/types\/post"}],"author":[{"embeddable":true,"href":"https:\/\/goladinha.eu\/blog\/wp-json\/wp\/v2\/users\/1"}],"replies":[{"embeddable":true,"href":"https:\/\/goladinha.eu\/blog\/wp-json\/wp\/v2\/comments?post=24437"}],"version-history":[{"count":5,"href":"https:\/\/goladinha.eu\/blog\/wp-json\/wp\/v2\/posts\/24437\/revisions"}],"predecessor-version":[{"id":24443,"href":"https:\/\/goladinha.eu\/blog\/wp-json\/wp\/v2\/posts\/24437\/revisions\/24443"}],"wp:attachment":[{"href":"https:\/\/goladinha.eu\/blog\/wp-json\/wp\/v2\/media?parent=24437"}],"wp:term":[{"taxonomy":"category","embeddable":true,"href":"https:\/\/goladinha.eu\/blog\/wp-json\/wp\/v2\/categories?post=24437"},{"taxonomy":"post_tag","embeddable":true,"href":"https:\/\/goladinha.eu\/blog\/wp-json\/wp\/v2\/tags?post=24437"}],"curies":[{"name":"wp","href":"https:\/\/api.w.org\/{rel}","templated":true}]}}