{"id":24023,"date":"2022-12-25T15:24:34","date_gmt":"2022-12-25T15:24:34","guid":{"rendered":"https:\/\/goladinha.eu\/blog\/?p=24023"},"modified":"2022-12-25T16:14:49","modified_gmt":"2022-12-25T16:14:49","slug":"9-breitengrade-noerdlicher","status":"publish","type":"post","link":"https:\/\/goladinha.eu\/blog\/2022\/12\/25\/9-breitengrade-noerdlicher\/","title":{"rendered":"9 Breitengrade n\u00f6rdlicher"},"content":{"rendered":"<p><span class=\"dos-semanas nuevo-2 \"><span class=\"contenido\"><span class=\"datos-dos-semanas\"><span class=\"viento\"><span class=\"velocidad\"><span class=\"changeUnitW\"><strong>Domingo 25 <\/strong><\/span><\/span><\/span><\/span><\/span><\/span><span class=\"dos-semanas nuevo-2 \"><span class=\"contenido\"><span class=\"datos-dos-semanas\"><span class=\"viento\"><span class=\"velocidad\"><span class=\"changeUnitW\"><strong>de Dezembro<\/strong> 2022 \u2014\u00a0 <em>Das Wetter in Goladinha:<\/em> nachts <strong>\u21937\u00b0 <\/strong><br \/>\ntags <\/span><\/span><\/span><\/span><\/span><\/span><span class=\"dos-semanas nuevo-2 \"><span class=\"contenido\"><span class=\"datos-dos-semanas\"><span class=\"viento\"><span class=\"velocidad\"><span class=\"changeUnitW\"><strong>\u219313 <\/strong><\/span><\/span><\/span><\/span><\/span><\/span>\u2013 <span style=\"color: #808080;\"><strong>Bew\u00f6lkung <\/strong><\/span>\u2013\u00a0 <strong><span class=\"dos-semanas nuevo-2 \" style=\"color: #0000ff;\"><span class=\"contenido\"><span class=\"datos-dos-semanas\"><span class=\"viento\"><span class=\"velocidad\"><span class=\"changeUnitW\">24 Liter Regen\/m\u00b2<\/span><\/span><\/span><\/span><\/span><\/span><\/strong> <span class=\"dos-semanas nuevo-2 \"><span class=\"contenido\"><span class=\"datos-dos-semanas\"><span class=\"viento\"><span class=\"velocidad\"><span class=\"changeUnitW\"><span style=\"color: #3366ff;\"><em>(954) <\/em><\/span><strong>\u2013 <\/strong>25-53 <\/span><\/span><\/span><\/span><\/span><\/span><span class=\"dos-semanas nuevo-2 \"><span class=\"contenido\"><span class=\"datos-dos-semanas\"><span class=\"viento\"><span class=\"velocidad\"><span class=\"changeUnitW\">km\/h S<\/span><\/span><\/span><\/span><\/span><\/span><\/p>\n<p>Auch die andere, <a href=\"https:\/\/goladinha.eu\/blog\/2022\/12\/24\/24-dezember\/\" target=\"_blank\" rel=\"noopener\"><strong>aus Portugal mitgebrachte,<\/strong> (Weihnachts)<strong>Pinie<\/strong><\/a> soll gew\u00fcrdigt werden &#8211; auch wenn sie das Rennen um den Platz im Haus nicht gemacht hat.<\/p>\n<div id=\"attachment_24028\" style=\"width: 510px\" class=\"wp-caption alignnone\"><a href=\"https:\/\/goladinha.eu\/blog\/wp-content\/files\/2022\/12\/weihnachtsbaum2.0_251222.jpg\" target=\"_blank\" rel=\"noopener\"><img loading=\"lazy\" decoding=\"async\" aria-describedby=\"caption-attachment-24028\" class=\"wp-image-24028 size-medium\" src=\"https:\/\/goladinha.eu\/blog\/wp-content\/files\/2022\/12\/weihnachtsbaum2.0_251222-500x647.jpg\" alt=\"Weihnachtsbaum, Christbaum, der kleinere aus Portugal, Goladinha, Knaubenhof\" width=\"500\" height=\"647\" srcset=\"https:\/\/goladinha.eu\/blog\/wp-content\/files\/2022\/12\/weihnachtsbaum2.0_251222-500x647.jpg 500w, https:\/\/goladinha.eu\/blog\/wp-content\/files\/2022\/12\/weihnachtsbaum2.0_251222-1020x1320.jpg 1020w, https:\/\/goladinha.eu\/blog\/wp-content\/files\/2022\/12\/weihnachtsbaum2.0_251222-768x994.jpg 768w, https:\/\/goladinha.eu\/blog\/wp-content\/files\/2022\/12\/weihnachtsbaum2.0_251222-1187x1536.jpg 1187w, https:\/\/goladinha.eu\/blog\/wp-content\/files\/2022\/12\/weihnachtsbaum2.0_251222.jpg 1536w\" sizes=\"auto, (max-width: 500px) 100vw, 500px\" \/><\/a><p id=\"caption-attachment-24028\" class=\"wp-caption-text\">Daf\u00fcr steht sie hocherhoben im Freien, in Sichtweite ihrer Schwester und geniesst freudig funkelnd die winterliche Sonne neun Breitengrade n\u00f6rdlicher ihres Geburtsstandortes &#8211; das sind ungef\u00e4hr 1000 Km n\u00f6rdlicher.<\/p><\/div>\n","protected":false},"excerpt":{"rendered":"<p>Domingo 25 de Dezembro 2022 \u2014\u00a0 Das Wetter in Goladinha: nachts \u21937\u00b0 tags \u219313 \u2013 Bew\u00f6lkung \u2013\u00a0 24 Liter Regen\/m\u00b2 (954) \u2013 25-53 km\/h S Auch die andere, aus Portugal mitgebrachte, (Weihnachts)Pinie soll gew\u00fcrdigt werden &#8211; auch wenn sie das Rennen um den Platz im Haus nicht gemacht hat.<\/p>\n","protected":false},"author":1,"featured_media":0,"comment_status":"open","ping_status":"closed","sticky":false,"template":"","format":"standard","meta":{"footnotes":""},"categories":[10],"tags":[],"class_list":["post-24023","post","type-post","status-publish","format-standard","hentry","category-allgemein"],"_links":{"self":[{"href":"https:\/\/goladinha.eu\/blog\/wp-json\/wp\/v2\/posts\/24023","targetHints":{"allow":["GET"]}}],"collection":[{"href":"https:\/\/goladinha.eu\/blog\/wp-json\/wp\/v2\/posts"}],"about":[{"href":"https:\/\/goladinha.eu\/blog\/wp-json\/wp\/v2\/types\/post"}],"author":[{"embeddable":true,"href":"https:\/\/goladinha.eu\/blog\/wp-json\/wp\/v2\/users\/1"}],"replies":[{"embeddable":true,"href":"https:\/\/goladinha.eu\/blog\/wp-json\/wp\/v2\/comments?post=24023"}],"version-history":[{"count":8,"href":"https:\/\/goladinha.eu\/blog\/wp-json\/wp\/v2\/posts\/24023\/revisions"}],"predecessor-version":[{"id":24033,"href":"https:\/\/goladinha.eu\/blog\/wp-json\/wp\/v2\/posts\/24023\/revisions\/24033"}],"wp:attachment":[{"href":"https:\/\/goladinha.eu\/blog\/wp-json\/wp\/v2\/media?parent=24023"}],"wp:term":[{"taxonomy":"category","embeddable":true,"href":"https:\/\/goladinha.eu\/blog\/wp-json\/wp\/v2\/categories?post=24023"},{"taxonomy":"post_tag","embeddable":true,"href":"https:\/\/goladinha.eu\/blog\/wp-json\/wp\/v2\/tags?post=24023"}],"curies":[{"name":"wp","href":"https:\/\/api.w.org\/{rel}","templated":true}]}}