{"id":23883,"date":"2022-12-13T21:38:56","date_gmt":"2022-12-13T21:38:56","guid":{"rendered":"https:\/\/goladinha.eu\/blog\/?p=23883"},"modified":"2022-12-15T08:08:12","modified_gmt":"2022-12-15T08:08:12","slug":"volle-beleuchtung-dank-wind-und-wasser","status":"publish","type":"post","link":"https:\/\/goladinha.eu\/blog\/2022\/12\/13\/volle-beleuchtung-dank-wind-und-wasser\/","title":{"rendered":"Volle Beleuchtung dank Wind und Wasser"},"content":{"rendered":"<p><span class=\"dos-semanas nuevo-2 \"><span class=\"contenido\"><span class=\"datos-dos-semanas\"><span class=\"viento\"><span class=\"velocidad\"><span class=\"changeUnitW\"><strong>Terca 13 <\/strong><\/span><\/span><\/span><\/span><\/span><\/span><span class=\"dos-semanas nuevo-2 \"><span class=\"contenido\"><span class=\"datos-dos-semanas\"><span class=\"viento\"><span class=\"velocidad\"><span class=\"changeUnitW\"><strong>de Dezembro<\/strong> 2022 \u2014\u00a0 nachts<strong> \u219113\u00b0 ! \u2013 <span style=\"color: #0000ff;\">29 Liter Regen\/m\u00b2<\/span><\/strong><br \/>\ntags\u00a0<\/span><\/span><\/span><\/span><\/span><\/span><span class=\"dos-semanas nuevo-2 \"><span class=\"contenido\"><span class=\"datos-dos-semanas\"><span class=\"viento\"><span class=\"velocidad\"><span class=\"changeUnitW\"><strong>\u219116 <\/strong><\/span><\/span><\/span><\/span><\/span><\/span>\u2013 <span class=\"dos-semanas nuevo-2 \"><span class=\"contenido\"><span class=\"datos-dos-semanas\"><span class=\"viento\"><span class=\"velocidad\"><span class=\"changeUnitW\"><strong>Bew\u00f6lkung \u2013<span style=\"color: #0000ff;\">19 Liter Regen\/m\u00b2<\/span><\/strong> <strong>\u2013<\/strong><\/span><\/span><\/span><\/span><\/span><\/span><span class=\"dos-semanas nuevo-2 \"><span class=\"contenido\"><span class=\"datos-dos-semanas\"><span class=\"viento\"><span class=\"velocidad\"><span class=\"changeUnitW\">\u00a0 <\/span><\/span><\/span><\/span><\/span><\/span> <span class=\"dos-semanas nuevo-2 \"><span class=\"contenido\"><span class=\"datos-dos-semanas\"><span class=\"viento\"><span class=\"velocidad\"><span class=\"changeUnitW\"><span style=\"color: #3366ff;\"><em>(843)<\/em><\/span><strong>\u2013 <\/strong>26-66 <\/span><\/span><\/span><\/span><\/span><\/span><span class=\"dos-semanas nuevo-2 \"><span class=\"contenido\"><span class=\"datos-dos-semanas\"><span class=\"viento\"><span class=\"velocidad\"><span class=\"changeUnitW\">km\/h wechs. Richt.ausser N<br \/>\n<\/span><\/span><\/span><\/span><\/span><\/span><\/p>\n<p>In der Weihnachtszeit sind die Arbeiter der st\u00e4dtischen Bauh\u00f6fe besonders gefordert &#8211; tagelang werden mit Leitern und Hubarbeitsb\u00fchnen Lichterelemente entlang der Strassen montiert.<\/p>\n<div id=\"attachment_23885\" style=\"width: 510px\" class=\"wp-caption alignnone\"><a href=\"https:\/\/goladinha.eu\/blog\/wp-content\/files\/2022\/12\/weihnacht_licht_131222.jpg\" target=\"_blank\" rel=\"noopener\"><img loading=\"lazy\" decoding=\"async\" aria-describedby=\"caption-attachment-23885\" class=\"wp-image-23885 size-medium\" src=\"https:\/\/goladinha.eu\/blog\/wp-content\/files\/2022\/12\/weihnacht_licht_131222-500x375.jpg\" alt=\"Weihnachtslichter, Deko, Pedrogao Grande, Portugal\" width=\"500\" height=\"375\" srcset=\"https:\/\/goladinha.eu\/blog\/wp-content\/files\/2022\/12\/weihnacht_licht_131222-500x375.jpg 500w, https:\/\/goladinha.eu\/blog\/wp-content\/files\/2022\/12\/weihnacht_licht_131222-1760x1320.jpg 1760w, https:\/\/goladinha.eu\/blog\/wp-content\/files\/2022\/12\/weihnacht_licht_131222-768x576.jpg 768w, https:\/\/goladinha.eu\/blog\/wp-content\/files\/2022\/12\/weihnacht_licht_131222-1536x1152.jpg 1536w, https:\/\/goladinha.eu\/blog\/wp-content\/files\/2022\/12\/weihnacht_licht_131222.jpg 2048w\" sizes=\"auto, (max-width: 500px) 100vw, 500px\" \/><\/a><p id=\"caption-attachment-23885\" class=\"wp-caption-text\">Egal aus welcher Himmelsrichtung ein Besucher sich der Kreisstadt, Pedrogao Grande, n\u00e4hert &#8211; die Lichterflut kennt kaum Grenzen. <strong>Wurde nicht in Deutschland dem Lichterzauber aufgrund Engergiesparmassnahmen etwas Einhalt geboten?<\/strong> In Portugal verweist man selbstbewusst auf die phasenweise 100%ige Stromgewinnung aus Wind- und Wasserkraft.<\/p><\/div>\n<div id=\"attachment_23887\" style=\"width: 404px\" class=\"wp-caption alignnone\"><a href=\"https:\/\/goladinha.eu\/blog\/wp-content\/files\/2022\/12\/weihnacht_licht2_131222.jpg\" target=\"_blank\" rel=\"noopener\"><img loading=\"lazy\" decoding=\"async\" aria-describedby=\"caption-attachment-23887\" class=\"wp-image-23887 size-medium\" src=\"https:\/\/goladinha.eu\/blog\/wp-content\/files\/2022\/12\/weihnacht_licht2_131222-394x700.jpg\" alt=\"Weihnachtslichter, Deko, Pedrogao Grande, Portugal\" width=\"394\" height=\"700\" srcset=\"https:\/\/goladinha.eu\/blog\/wp-content\/files\/2022\/12\/weihnacht_licht2_131222-394x700.jpg 394w, https:\/\/goladinha.eu\/blog\/wp-content\/files\/2022\/12\/weihnacht_licht2_131222-743x1320.jpg 743w, https:\/\/goladinha.eu\/blog\/wp-content\/files\/2022\/12\/weihnacht_licht2_131222-768x1365.jpg 768w, https:\/\/goladinha.eu\/blog\/wp-content\/files\/2022\/12\/weihnacht_licht2_131222-864x1536.jpg 864w, https:\/\/goladinha.eu\/blog\/wp-content\/files\/2022\/12\/weihnacht_licht2_131222.jpg 1152w\" sizes=\"auto, (max-width: 394px) 100vw, 394px\" \/><\/a><p id=\"caption-attachment-23887\" class=\"wp-caption-text\">Bei diesem Schnappschuss wurde nachher ein bisschen &#8222;photogeshopt&#8220; &#8211;\u00a0 ganz so romantisch war es in unserer Wirklichkeit nicht.<\/p><\/div>\n<div id=\"attachment_23900\" style=\"width: 510px\" class=\"wp-caption alignnone\"><a href=\"https:\/\/goladinha.eu\/blog\/wp-content\/files\/2022\/12\/weihnacht_licht3_131222.jpg\" target=\"_blank\" rel=\"noopener\"><img loading=\"lazy\" decoding=\"async\" aria-describedby=\"caption-attachment-23900\" class=\"wp-image-23900 size-medium\" src=\"https:\/\/goladinha.eu\/blog\/wp-content\/files\/2022\/12\/weihnacht_licht3_131222-500x664.jpg\" alt=\"Weihnachtslichter, Deko, Pedrogao Grande, Portugal\" width=\"500\" height=\"664\" srcset=\"https:\/\/goladinha.eu\/blog\/wp-content\/files\/2022\/12\/weihnacht_licht3_131222-500x664.jpg 500w, https:\/\/goladinha.eu\/blog\/wp-content\/files\/2022\/12\/weihnacht_licht3_131222-994x1320.jpg 994w, https:\/\/goladinha.eu\/blog\/wp-content\/files\/2022\/12\/weihnacht_licht3_131222-768x1020.jpg 768w, https:\/\/goladinha.eu\/blog\/wp-content\/files\/2022\/12\/weihnacht_licht3_131222-1157x1536.jpg 1157w, https:\/\/goladinha.eu\/blog\/wp-content\/files\/2022\/12\/weihnacht_licht3_131222.jpg 1542w\" sizes=\"auto, (max-width: 500px) 100vw, 500px\" \/><\/a><p id=\"caption-attachment-23900\" class=\"wp-caption-text\">Im Vergleich: Unver\u00e4nderte Originalaufnahme<\/p><\/div>\n<p>Die Antwort auf die Frage:<br \/>\n<strong>Wurde nicht in Deutschland dem Lichterzauber aufgrund Engergiesparmassnahmen etwas Einhalt geboten?<\/strong><br \/>\nEin <a href=\"https:\/\/www.spiegel.de\/panorama\/gesellschaft\/energiekrise-wer-kontrolliert-die-kurzfristigen-energiesparmassnahmen-der-bundesregierung-a-aaf877b8-0da4-4cc7-98cb-c900c3d88d5b\" target=\"_blank\" rel=\"noopener\">Artikel im Spiegel<\/a> vom 15.12.20222<\/p>\n<p><a href=\"https:\/\/goladinha.eu\/blog\/wp-content\/files\/2022\/12\/weihnacht_licht_de_131222.jpg\" target=\"_blank\" rel=\"noopener\"><img loading=\"lazy\" decoding=\"async\" class=\"wp-image-23922 size-medium\" src=\"https:\/\/goladinha.eu\/blog\/wp-content\/files\/2022\/12\/weihnacht_licht_de_131222-500x238.jpg\" alt=\"Weihnachtslichter, Deko, Deutschland, Portugal, Goladinha\" width=\"500\" height=\"238\" srcset=\"https:\/\/goladinha.eu\/blog\/wp-content\/files\/2022\/12\/weihnacht_licht_de_131222-500x238.jpg 500w, https:\/\/goladinha.eu\/blog\/wp-content\/files\/2022\/12\/weihnacht_licht_de_131222-768x366.jpg 768w, https:\/\/goladinha.eu\/blog\/wp-content\/files\/2022\/12\/weihnacht_licht_de_131222.jpg 915w\" sizes=\"auto, (max-width: 500px) 100vw, 500px\" \/><\/a><\/p>\n","protected":false},"excerpt":{"rendered":"<p>Terca 13 de Dezembro 2022 \u2014\u00a0 nachts \u219113\u00b0 ! \u2013 29 Liter Regen\/m\u00b2 tags\u00a0\u219116 \u2013 Bew\u00f6lkung \u201319 Liter Regen\/m\u00b2 \u2013\u00a0 (843)\u2013 26-66 km\/h wechs. Richt.ausser N In der Weihnachtszeit sind die Arbeiter der st\u00e4dtischen Bauh\u00f6fe besonders gefordert &#8211; tagelang werden mit Leitern und Hubarbeitsb\u00fchnen Lichterelemente entlang der Strassen montiert. Die Antwort auf die Frage: Wurde [&hellip;]<\/p>\n","protected":false},"author":1,"featured_media":0,"comment_status":"open","ping_status":"closed","sticky":false,"template":"","format":"standard","meta":{"footnotes":""},"categories":[10],"tags":[],"class_list":["post-23883","post","type-post","status-publish","format-standard","hentry","category-allgemein"],"_links":{"self":[{"href":"https:\/\/goladinha.eu\/blog\/wp-json\/wp\/v2\/posts\/23883","targetHints":{"allow":["GET"]}}],"collection":[{"href":"https:\/\/goladinha.eu\/blog\/wp-json\/wp\/v2\/posts"}],"about":[{"href":"https:\/\/goladinha.eu\/blog\/wp-json\/wp\/v2\/types\/post"}],"author":[{"embeddable":true,"href":"https:\/\/goladinha.eu\/blog\/wp-json\/wp\/v2\/users\/1"}],"replies":[{"embeddable":true,"href":"https:\/\/goladinha.eu\/blog\/wp-json\/wp\/v2\/comments?post=23883"}],"version-history":[{"count":15,"href":"https:\/\/goladinha.eu\/blog\/wp-json\/wp\/v2\/posts\/23883\/revisions"}],"predecessor-version":[{"id":23924,"href":"https:\/\/goladinha.eu\/blog\/wp-json\/wp\/v2\/posts\/23883\/revisions\/23924"}],"wp:attachment":[{"href":"https:\/\/goladinha.eu\/blog\/wp-json\/wp\/v2\/media?parent=23883"}],"wp:term":[{"taxonomy":"category","embeddable":true,"href":"https:\/\/goladinha.eu\/blog\/wp-json\/wp\/v2\/categories?post=23883"},{"taxonomy":"post_tag","embeddable":true,"href":"https:\/\/goladinha.eu\/blog\/wp-json\/wp\/v2\/tags?post=23883"}],"curies":[{"name":"wp","href":"https:\/\/api.w.org\/{rel}","templated":true}]}}