{"id":23221,"date":"2022-10-07T22:19:22","date_gmt":"2022-10-07T21:19:22","guid":{"rendered":"https:\/\/goladinha.eu\/blog\/?p=23221"},"modified":"2022-10-07T22:22:18","modified_gmt":"2022-10-07T21:22:18","slug":"aus-dem-nackten-fels","status":"publish","type":"post","link":"https:\/\/goladinha.eu\/blog\/2022\/10\/07\/aus-dem-nackten-fels\/","title":{"rendered":"aus dem nackten Fels"},"content":{"rendered":"<p><span class=\"dos-semanas nuevo-2 \"><span class=\"contenido\"><span class=\"datos-dos-semanas\"><span class=\"viento\"><span class=\"velocidad\"><span class=\"changeUnitW\"><strong>Sexta 7 de Outubro<\/strong> 2022 \u2014\u00a0 nachts<strong> \u219112\u00b0<\/strong><br \/>\ntags<\/span><\/span><\/span><\/span><\/span><\/span><span class=\"dos-semanas nuevo-2 \"><span class=\"contenido\"><span class=\"datos-dos-semanas\"><span class=\"viento\"><span class=\"velocidad\"><span class=\"changeUnitW\"><strong>\u219328\u00b0<\/strong> \u2013 <span style=\"color: #ff6600;\"><strong>Sonne<\/strong><\/span><\/span><\/span><\/span><\/span><\/span><\/span><span class=\"dos-semanas nuevo-2 \"><span class=\"contenido\"><span class=\"datos-dos-semanas\"><span class=\"viento\"><span class=\"velocidad\"><span class=\"changeUnitW\"> \u2013 <\/span><\/span><\/span><\/span><\/span><\/span><span class=\"dos-semanas nuevo-2 \"><span class=\"contenido\"><span class=\"datos-dos-semanas\"><span class=\"viento\"><span class=\"velocidad\"><span class=\"changeUnitW\">15-20<\/span><\/span><\/span><\/span><\/span><\/span> <span class=\"dos-semanas nuevo-2 \"><span class=\"contenido\"><span class=\"datos-dos-semanas\"><span class=\"viento\"><span class=\"velocidad\"><span class=\"changeUnitW\">km\/h ausser <strong>O <\/strong>wechselnde Richtungen<br \/>\n<\/span><\/span><\/span><\/span><\/span><\/span><\/p>\n<p><a href=\"https:\/\/www.fragasdesaosimao.pt\/index.php\/praia-fluvial\" target=\"_blank\" rel=\"noopener\">Praia Fluvial Fragas de Sao Simao<\/a> ist ein beliebter Ausflugsort. Er liegt unterhalb des historischen <a href=\"http:\/\/www.casaldesaosimao.com\/\" target=\"_blank\" rel=\"noopener\">Schieferdorfs Casal de Sao Simao<\/a>, Auf der gegen\u00fcberliegenden Seite des Lombatals wurde ein Aussichtspunkt errichtet der \u00fcber eine Treppe erreichbar ist.<\/p>\n<div id=\"attachment_23230\" style=\"width: 510px\" class=\"wp-caption alignnone\"><a href=\"https:\/\/goladinha.eu\/blog\/wp-content\/files\/2022\/10\/pinie_felsen_simao2_071022.jpg\" target=\"_blank\" rel=\"noopener\"><img loading=\"lazy\" decoding=\"async\" aria-describedby=\"caption-attachment-23230\" class=\"wp-image-23230 size-medium\" src=\"https:\/\/goladinha.eu\/blog\/wp-content\/files\/2022\/10\/pinie_felsen_simao2_071022-500x375.jpg\" alt=\"Pinie w\u00e4chst aus dem Felsen, Casal de sao Simao, Goladinha, Portugal\" width=\"500\" height=\"375\" srcset=\"https:\/\/goladinha.eu\/blog\/wp-content\/files\/2022\/10\/pinie_felsen_simao2_071022-500x375.jpg 500w, https:\/\/goladinha.eu\/blog\/wp-content\/files\/2022\/10\/pinie_felsen_simao2_071022-1760x1320.jpg 1760w, https:\/\/goladinha.eu\/blog\/wp-content\/files\/2022\/10\/pinie_felsen_simao2_071022-768x576.jpg 768w, https:\/\/goladinha.eu\/blog\/wp-content\/files\/2022\/10\/pinie_felsen_simao2_071022-1536x1152.jpg 1536w, https:\/\/goladinha.eu\/blog\/wp-content\/files\/2022\/10\/pinie_felsen_simao2_071022.jpg 2048w\" sizes=\"auto, (max-width: 500px) 100vw, 500px\" \/><\/a><p id=\"caption-attachment-23230\" class=\"wp-caption-text\">Von hier aus bietet sich ein imposanter Blick in die tiefe Schlucht<\/p><\/div>\n<div id=\"attachment_23228\" style=\"width: 510px\" class=\"wp-caption alignnone\"><a href=\"https:\/\/goladinha.eu\/blog\/wp-content\/files\/2022\/10\/pinie_felsen_simao_071022-1.jpg\" target=\"_blank\" rel=\"noopener\"><img loading=\"lazy\" decoding=\"async\" aria-describedby=\"caption-attachment-23228\" class=\"wp-image-23228 size-medium\" src=\"https:\/\/goladinha.eu\/blog\/wp-content\/files\/2022\/10\/pinie_felsen_simao_071022-1-500x375.jpg\" alt=\"Pinie w\u00e4chst aus dem Felsen, Casal de sao Simao, Goladinha, Portugal\" width=\"500\" height=\"375\" srcset=\"https:\/\/goladinha.eu\/blog\/wp-content\/files\/2022\/10\/pinie_felsen_simao_071022-1-500x375.jpg 500w, https:\/\/goladinha.eu\/blog\/wp-content\/files\/2022\/10\/pinie_felsen_simao_071022-1-1760x1320.jpg 1760w, https:\/\/goladinha.eu\/blog\/wp-content\/files\/2022\/10\/pinie_felsen_simao_071022-1-768x576.jpg 768w, https:\/\/goladinha.eu\/blog\/wp-content\/files\/2022\/10\/pinie_felsen_simao_071022-1-1536x1152.jpg 1536w, https:\/\/goladinha.eu\/blog\/wp-content\/files\/2022\/10\/pinie_felsen_simao_071022-1.jpg 2048w\" sizes=\"auto, (max-width: 500px) 100vw, 500px\" \/><\/a><p id=\"caption-attachment-23228\" class=\"wp-caption-text\">und auf das Schieferd\u00f6rfchen (links oben im Bild). Im Vordergrund ist eine Pinie zu sehen. Sie w\u00e4chst buchst\u00e4blich aus dem Felsen heraus.<\/p><\/div>\n","protected":false},"excerpt":{"rendered":"<p>Sexta 7 de Outubro 2022 \u2014\u00a0 nachts \u219112\u00b0 tags\u219328\u00b0 \u2013 Sonne \u2013 15-20 km\/h ausser O wechselnde Richtungen Praia Fluvial Fragas de Sao Simao ist ein beliebter Ausflugsort. Er liegt unterhalb des historischen Schieferdorfs Casal de Sao Simao, Auf der gegen\u00fcberliegenden Seite des Lombatals wurde ein Aussichtspunkt errichtet der \u00fcber eine Treppe erreichbar ist.<\/p>\n","protected":false},"author":1,"featured_media":0,"comment_status":"open","ping_status":"closed","sticky":false,"template":"","format":"standard","meta":{"footnotes":""},"categories":[10],"tags":[],"class_list":["post-23221","post","type-post","status-publish","format-standard","hentry","category-allgemein"],"_links":{"self":[{"href":"https:\/\/goladinha.eu\/blog\/wp-json\/wp\/v2\/posts\/23221","targetHints":{"allow":["GET"]}}],"collection":[{"href":"https:\/\/goladinha.eu\/blog\/wp-json\/wp\/v2\/posts"}],"about":[{"href":"https:\/\/goladinha.eu\/blog\/wp-json\/wp\/v2\/types\/post"}],"author":[{"embeddable":true,"href":"https:\/\/goladinha.eu\/blog\/wp-json\/wp\/v2\/users\/1"}],"replies":[{"embeddable":true,"href":"https:\/\/goladinha.eu\/blog\/wp-json\/wp\/v2\/comments?post=23221"}],"version-history":[{"count":10,"href":"https:\/\/goladinha.eu\/blog\/wp-json\/wp\/v2\/posts\/23221\/revisions"}],"predecessor-version":[{"id":23234,"href":"https:\/\/goladinha.eu\/blog\/wp-json\/wp\/v2\/posts\/23221\/revisions\/23234"}],"wp:attachment":[{"href":"https:\/\/goladinha.eu\/blog\/wp-json\/wp\/v2\/media?parent=23221"}],"wp:term":[{"taxonomy":"category","embeddable":true,"href":"https:\/\/goladinha.eu\/blog\/wp-json\/wp\/v2\/categories?post=23221"},{"taxonomy":"post_tag","embeddable":true,"href":"https:\/\/goladinha.eu\/blog\/wp-json\/wp\/v2\/tags?post=23221"}],"curies":[{"name":"wp","href":"https:\/\/api.w.org\/{rel}","templated":true}]}}